{"id":12483,"date":"2024-02-02T14:00:57","date_gmt":"2024-02-02T19:00:57","guid":{"rendered":"https:\/\/themarketswatch.com\/unkategorisiert\/daenemarks-koenig-frederik-x-begibt-sich-auf-seinen-ersten-historischen-besuch-in-polen\/"},"modified":"2024-02-02T14:09:58","modified_gmt":"2024-02-02T19:09:58","slug":"daenemarks-koenig-frederik-x-begibt-sich-auf-seinen-ersten-historischen-besuch-in-polen","status":"publish","type":"post","link":"https:\/\/themarketswatch.com\/de\/politik\/daenemarks-koenig-frederik-x-begibt-sich-auf-seinen-ersten-historischen-besuch-in-polen\/","title":{"rendered":"D\u00e4nemarks K\u00f6nig Frederik X. begibt sich auf seinen ersten historischen Besuch in Polen"},"content":{"rendered":"\n<p>Der d\u00e4nische K\u00f6nig Frederik X. hat Polen als Ziel f\u00fcr seinen ersten Auslandsbesuch seit seiner Thronbesteigung gew\u00e4hlt. Damit bricht er mit einer Tradition. Dies stellt eine bemerkenswerte Abkehr von der \u00fcblichen Praxis dar, dass die d\u00e4nischen Monarchen zuerst ein anderes skandinavisches Land besuchen. Frederiks Entscheidung folgt auf die unerwartete R\u00fccktrittsank\u00fcndigung seiner Mutter, K\u00f6nigin Margrethe II., w\u00e4hrend ihrer Silvesteransprache, die ihn als neuen K\u00f6nig an die Spitze der konstitutionellen Monarchie D\u00e4nemarks katapultierte.<\/p>\n\n<p>Der Besuch begann am Mittwoch und steht im Zeichen der St\u00e4rkung der bilateralen Beziehungen zwischen D\u00e4nemark und Polen, insbesondere der F\u00f6rderung der d\u00e4nischen Wirtschaft und der Klimapolitik. Bei seiner Ankunft in Warschau wurde K\u00f6nig Frederik X. vom polnischen Staatspr\u00e4sidenten Andrzej Duda im Pr\u00e4sidentenpalast mit einem roten Teppich und einer Ehrengarde empfangen.<\/p>\n\n<p>Obwohl der Besuch aufgrund der Umst\u00e4nde seiner Thronbesteigung nicht als Staatsbesuch eingestuft wird, hat die Anwesenheit des d\u00e4nischen Monarchen in Polen gro\u00dfes diplomatisches Gewicht. In Begleitung einer hochrangigen Delegation von Regierungs- und Wirtschaftsvertretern, aber ohne K\u00f6nigin Mary, wird Frederik unter anderem einen Kranz am Grab des Unbekannten Soldaten niederlegen und mit wichtigen Vertretern der polnischen Legislative zusammentreffen.<\/p>\n\n<p>Die Agenda des K\u00f6nigs unterstreicht auch das Engagement D\u00e4nemarks f\u00fcr \u00f6kologische Nachhaltigkeit. So ist unter anderem die Unterzeichnung eines Abkommens \u00fcber ein Projekt zur Nutzung der Abw\u00e4rme der Warschauer U-Bahn geplant. Dar\u00fcber hinaus unterstreicht sein Besuch im regionalen NATO-Hauptquartier in Szczecin die geopolitische Bedeutung der d\u00e4nisch-polnischen Zusammenarbeit.<\/p>\n\n<p>In seiner Ansprache bei der Ankunft hob K\u00f6nig Frederik X. wortgewandt die Zukunft der polnisch-d\u00e4nischen Beziehungen hervor und betonte die zentrale Rolle der Partnerschaften im Bereich der erneuerbaren Energien. &#8222;Erneuerbare Energien, nachhaltige Produktion und neue Technologien stehen im Mittelpunkt unserer gemeinsamen Vision f\u00fcr die Zukunft, einer sicheren und bl\u00fchenden Welt f\u00fcr k\u00fcnftige Generationen&#8220;, sagte er und unterstrich den Ruf D\u00e4nemarks als f\u00fchrendes Land im Bereich der erneuerbaren Energien, insbesondere der Wind- und Sonnenenergie sowie der Bioenergie.<\/p>\n\n<p>Der Abschluss des dreit\u00e4gigen Besuchs von K\u00f6nig Frederik X. hat weitreichende Auswirkungen auf die d\u00e4nisch-polnischen Beziehungen. \u00dcber die feierlichen Aspekte hinaus symbolisiert dieser Besuch eine zukunftsweisende Partnerschaft, die sich den dr\u00e4ngenden Herausforderungen des Klimawandels und der Nachhaltigkeit stellen will. Es handelt sich dabei nicht nur um eine diplomatische Formalit\u00e4t, sondern um ein gemeinsames Bekenntnis zu einer gr\u00fcneren, nachhaltigeren Zukunft, das einen Pr\u00e4zedenzfall f\u00fcr die internationale Zusammenarbeit bei der Bew\u00e4ltigung globaler Umweltprobleme schafft.<\/p>\n","protected":false},"excerpt":{"rendered":"<p>Der d\u00e4nische K\u00f6nig Frederik X. hat Polen als Ziel f\u00fcr seinen ersten Auslandsbesuch seit seiner Thronbesteigung gew\u00e4hlt. Damit bricht er mit einer Tradition. Dies stellt eine bemerkenswerte Abkehr von der \u00fcblichen Praxis dar, dass die d\u00e4nischen Monarchen zuerst ein anderes skandinavisches Land besuchen. Frederiks Entscheidung folgt auf die unerwartete R\u00fccktrittsank\u00fcndigung seiner Mutter, K\u00f6nigin Margrethe II., w\u00e4hrend ihrer Silvesteransprache, die ihn als neuen K\u00f6nig an die Spitze der konstitutionellen Monarchie D\u00e4nemarks katapultierte. Der Besuch begann am Mittwoch und steht im Zeichen der St\u00e4rkung der bilateralen Beziehungen zwischen D\u00e4nemark und Polen, insbesondere der F\u00f6rderung der d\u00e4nischen Wirtschaft und der Klimapolitik. Bei seiner<\/p>\n","protected":false},"author":3,"featured_media":12474,"comment_status":"closed","ping_status":"closed","sticky":false,"template":"","format":"standard","meta":{"footnotes":""},"categories":[392],"tags":[12417,12420,451,12423,12419,12422,1712,3617,12418,12421],"class_list":["post-12483","post","type-post","status-publish","format-standard","has-post-thumbnail","hentry","category-politik","tag-danemark","tag-diplomatischer-besuch","tag-erneuerbare-energie","tag-klimapolitik","tag-konig-frederik-x","tag-konigin-margrethe-ii","tag-nachhaltigkeit","tag-nato-de","tag-polen","tag-warschau","style--link-4"],"yoast_head":"<!-- This site is optimized with the Yoast SEO plugin v24.0 - https:\/\/yoast.com\/wordpress\/plugins\/seo\/ -->\n<title>D\u00e4nemarks K\u00f6nig Frederik X. begibt sich auf seinen ersten historischen Besuch in Polen<\/title>\n<meta name=\"description\" content=\"Der d\u00e4nische K\u00f6nig Frederik X. hat Polen als Ziel f\u00fcr seinen ersten Auslandsbesuch seit seiner Thronbesteigung gew\u00e4hlt. Damit bricht er mit einer\" \/>\n<meta name=\"robots\" content=\"index, follow, max-snippet:-1, max-image-preview:large, max-video-preview:-1\" \/>\n<link rel=\"canonical\" href=\"https:\/\/themarketswatch.com\/de\/politik\/daenemarks-koenig-frederik-x-begibt-sich-auf-seinen-ersten-historischen-besuch-in-polen\/\" \/>\n<meta property=\"og:locale\" content=\"de_DE\" \/>\n<meta property=\"og:type\" content=\"article\" \/>\n<meta property=\"og:title\" content=\"D\u00e4nemarks K\u00f6nig Frederik X. begibt sich auf seinen ersten historischen Besuch in Polen\" \/>\n<meta property=\"og:description\" content=\"Der d\u00e4nische K\u00f6nig Frederik X. hat Polen als Ziel f\u00fcr seinen ersten Auslandsbesuch seit seiner Thronbesteigung gew\u00e4hlt. Damit bricht er mit einer\" \/>\n<meta property=\"og:url\" content=\"https:\/\/themarketswatch.com\/de\/politik\/daenemarks-koenig-frederik-x-begibt-sich-auf-seinen-ersten-historischen-besuch-in-polen\/\" \/>\n<meta property=\"og:site_name\" content=\"The Markets Watch\" \/>\n<meta property=\"article:published_time\" content=\"2024-02-02T19:00:57+00:00\" \/>\n<meta property=\"article:modified_time\" content=\"2024-02-02T19:09:58+00:00\" \/>\n<meta property=\"og:image\" content=\"https:\/\/themarketswatch.com\/wp-content\/uploads\/2024\/02\/politics.webp\" \/>\n\t<meta property=\"og:image:width\" content=\"720\" \/>\n\t<meta property=\"og:image:height\" content=\"405\" \/>\n\t<meta property=\"og:image:type\" content=\"image\/webp\" \/>\n<meta name=\"author\" content=\"Rosalind Evans\" \/>\n<meta name=\"twitter:card\" content=\"summary_large_image\" \/>\n<meta name=\"twitter:label1\" content=\"Verfasst von\" \/>\n\t<meta name=\"twitter:data1\" content=\"Rosalind Evans\" \/>\n\t<meta name=\"twitter:label2\" content=\"Gesch\u00e4tzte Lesezeit\" \/>\n\t<meta name=\"twitter:data2\" content=\"2\u00a0Minuten\" \/>\n<script type=\"application\/ld+json\" class=\"yoast-schema-graph\">{\"@context\":\"https:\/\/schema.org\",\"@graph\":[{\"@type\":\"WebPage\",\"@id\":\"https:\/\/themarketswatch.com\/de\/politik\/daenemarks-koenig-frederik-x-begibt-sich-auf-seinen-ersten-historischen-besuch-in-polen\/\",\"url\":\"https:\/\/themarketswatch.com\/de\/politik\/daenemarks-koenig-frederik-x-begibt-sich-auf-seinen-ersten-historischen-besuch-in-polen\/\",\"name\":\"D\u00e4nemarks K\u00f6nig Frederik X. begibt sich auf seinen ersten historischen Besuch in Polen\",\"isPartOf\":{\"@id\":\"https:\/\/themarketswatch.com\/de\/#website\"},\"primaryImageOfPage\":{\"@id\":\"https:\/\/themarketswatch.com\/de\/politik\/daenemarks-koenig-frederik-x-begibt-sich-auf-seinen-ersten-historischen-besuch-in-polen\/#primaryimage\"},\"image\":{\"@id\":\"https:\/\/themarketswatch.com\/de\/politik\/daenemarks-koenig-frederik-x-begibt-sich-auf-seinen-ersten-historischen-besuch-in-polen\/#primaryimage\"},\"thumbnailUrl\":\"https:\/\/themarketswatch.com\/wp-content\/uploads\/2024\/02\/politics.webp\",\"datePublished\":\"2024-02-02T19:00:57+00:00\",\"dateModified\":\"2024-02-02T19:09:58+00:00\",\"author\":{\"@id\":\"https:\/\/themarketswatch.com\/de\/#\/schema\/person\/2f52cb3d99913aac7e5cd7e387d19131\"},\"description\":\"Der d\u00e4nische K\u00f6nig Frederik X. hat Polen als Ziel f\u00fcr seinen ersten Auslandsbesuch seit seiner Thronbesteigung gew\u00e4hlt. Damit bricht er mit einer\",\"breadcrumb\":{\"@id\":\"https:\/\/themarketswatch.com\/de\/politik\/daenemarks-koenig-frederik-x-begibt-sich-auf-seinen-ersten-historischen-besuch-in-polen\/#breadcrumb\"},\"inLanguage\":\"de\",\"potentialAction\":[{\"@type\":\"ReadAction\",\"target\":[\"https:\/\/themarketswatch.com\/de\/politik\/daenemarks-koenig-frederik-x-begibt-sich-auf-seinen-ersten-historischen-besuch-in-polen\/\"]}]},{\"@type\":\"ImageObject\",\"inLanguage\":\"de\",\"@id\":\"https:\/\/themarketswatch.com\/de\/politik\/daenemarks-koenig-frederik-x-begibt-sich-auf-seinen-ersten-historischen-besuch-in-polen\/#primaryimage\",\"url\":\"https:\/\/themarketswatch.com\/wp-content\/uploads\/2024\/02\/politics.webp\",\"contentUrl\":\"https:\/\/themarketswatch.com\/wp-content\/uploads\/2024\/02\/politics.webp\",\"width\":720,\"height\":405},{\"@type\":\"BreadcrumbList\",\"@id\":\"https:\/\/themarketswatch.com\/de\/politik\/daenemarks-koenig-frederik-x-begibt-sich-auf-seinen-ersten-historischen-besuch-in-polen\/#breadcrumb\",\"itemListElement\":[{\"@type\":\"ListItem\",\"position\":1,\"name\":\"Home\",\"item\":\"https:\/\/themarketswatch.com\/de\/\"},{\"@type\":\"ListItem\",\"position\":2,\"name\":\"D\u00e4nemarks K\u00f6nig Frederik X. begibt sich auf seinen ersten historischen Besuch in Polen\"}]},{\"@type\":\"WebSite\",\"@id\":\"https:\/\/themarketswatch.com\/de\/#website\",\"url\":\"https:\/\/themarketswatch.com\/de\/\",\"name\":\"The Markets Watch\",\"description\":\"The financial news you need to succeed\",\"potentialAction\":[{\"@type\":\"SearchAction\",\"target\":{\"@type\":\"EntryPoint\",\"urlTemplate\":\"https:\/\/themarketswatch.com\/de\/?s={search_term_string}\"},\"query-input\":{\"@type\":\"PropertyValueSpecification\",\"valueRequired\":true,\"valueName\":\"search_term_string\"}}],\"inLanguage\":\"de\"},{\"@type\":\"Person\",\"@id\":\"https:\/\/themarketswatch.com\/de\/#\/schema\/person\/2f52cb3d99913aac7e5cd7e387d19131\",\"name\":\"Rosalind Evans\",\"image\":{\"@type\":\"ImageObject\",\"inLanguage\":\"de\",\"@id\":\"https:\/\/themarketswatch.com\/de\/#\/schema\/person\/image\/\",\"url\":\"https:\/\/secure.gravatar.com\/avatar\/46bb33baa8823fa4c1410920773e0add3ec864fe42cabec6f10c1bbabd0c73d5?s=96&d=mm&r=g\",\"contentUrl\":\"https:\/\/secure.gravatar.com\/avatar\/46bb33baa8823fa4c1410920773e0add3ec864fe42cabec6f10c1bbabd0c73d5?s=96&d=mm&r=g\",\"caption\":\"Rosalind Evans\"}}]}<\/script>\n<!-- \/ Yoast SEO plugin. -->","yoast_head_json":{"title":"D\u00e4nemarks K\u00f6nig Frederik X. begibt sich auf seinen ersten historischen Besuch in Polen","description":"Der d\u00e4nische K\u00f6nig Frederik X. hat Polen als Ziel f\u00fcr seinen ersten Auslandsbesuch seit seiner Thronbesteigung gew\u00e4hlt. Damit bricht er mit einer","robots":{"index":"index","follow":"follow","max-snippet":"max-snippet:-1","max-image-preview":"max-image-preview:large","max-video-preview":"max-video-preview:-1"},"canonical":"https:\/\/themarketswatch.com\/de\/politik\/daenemarks-koenig-frederik-x-begibt-sich-auf-seinen-ersten-historischen-besuch-in-polen\/","og_locale":"de_DE","og_type":"article","og_title":"D\u00e4nemarks K\u00f6nig Frederik X. begibt sich auf seinen ersten historischen Besuch in Polen","og_description":"Der d\u00e4nische K\u00f6nig Frederik X. hat Polen als Ziel f\u00fcr seinen ersten Auslandsbesuch seit seiner Thronbesteigung gew\u00e4hlt. Damit bricht er mit einer","og_url":"https:\/\/themarketswatch.com\/de\/politik\/daenemarks-koenig-frederik-x-begibt-sich-auf-seinen-ersten-historischen-besuch-in-polen\/","og_site_name":"The Markets Watch","article_published_time":"2024-02-02T19:00:57+00:00","article_modified_time":"2024-02-02T19:09:58+00:00","og_image":[{"width":720,"height":405,"url":"https:\/\/themarketswatch.com\/wp-content\/uploads\/2024\/02\/politics.webp","type":"image\/webp"}],"author":"Rosalind Evans","twitter_card":"summary_large_image","twitter_misc":{"Verfasst von":"Rosalind Evans","Gesch\u00e4tzte Lesezeit":"2\u00a0Minuten"},"schema":{"@context":"https:\/\/schema.org","@graph":[{"@type":"WebPage","@id":"https:\/\/themarketswatch.com\/de\/politik\/daenemarks-koenig-frederik-x-begibt-sich-auf-seinen-ersten-historischen-besuch-in-polen\/","url":"https:\/\/themarketswatch.com\/de\/politik\/daenemarks-koenig-frederik-x-begibt-sich-auf-seinen-ersten-historischen-besuch-in-polen\/","name":"D\u00e4nemarks K\u00f6nig Frederik X. begibt sich auf seinen ersten historischen Besuch in Polen","isPartOf":{"@id":"https:\/\/themarketswatch.com\/de\/#website"},"primaryImageOfPage":{"@id":"https:\/\/themarketswatch.com\/de\/politik\/daenemarks-koenig-frederik-x-begibt-sich-auf-seinen-ersten-historischen-besuch-in-polen\/#primaryimage"},"image":{"@id":"https:\/\/themarketswatch.com\/de\/politik\/daenemarks-koenig-frederik-x-begibt-sich-auf-seinen-ersten-historischen-besuch-in-polen\/#primaryimage"},"thumbnailUrl":"https:\/\/themarketswatch.com\/wp-content\/uploads\/2024\/02\/politics.webp","datePublished":"2024-02-02T19:00:57+00:00","dateModified":"2024-02-02T19:09:58+00:00","author":{"@id":"https:\/\/themarketswatch.com\/de\/#\/schema\/person\/2f52cb3d99913aac7e5cd7e387d19131"},"description":"Der d\u00e4nische K\u00f6nig Frederik X. hat Polen als Ziel f\u00fcr seinen ersten Auslandsbesuch seit seiner Thronbesteigung gew\u00e4hlt. Damit bricht er mit einer","breadcrumb":{"@id":"https:\/\/themarketswatch.com\/de\/politik\/daenemarks-koenig-frederik-x-begibt-sich-auf-seinen-ersten-historischen-besuch-in-polen\/#breadcrumb"},"inLanguage":"de","potentialAction":[{"@type":"ReadAction","target":["https:\/\/themarketswatch.com\/de\/politik\/daenemarks-koenig-frederik-x-begibt-sich-auf-seinen-ersten-historischen-besuch-in-polen\/"]}]},{"@type":"ImageObject","inLanguage":"de","@id":"https:\/\/themarketswatch.com\/de\/politik\/daenemarks-koenig-frederik-x-begibt-sich-auf-seinen-ersten-historischen-besuch-in-polen\/#primaryimage","url":"https:\/\/themarketswatch.com\/wp-content\/uploads\/2024\/02\/politics.webp","contentUrl":"https:\/\/themarketswatch.com\/wp-content\/uploads\/2024\/02\/politics.webp","width":720,"height":405},{"@type":"BreadcrumbList","@id":"https:\/\/themarketswatch.com\/de\/politik\/daenemarks-koenig-frederik-x-begibt-sich-auf-seinen-ersten-historischen-besuch-in-polen\/#breadcrumb","itemListElement":[{"@type":"ListItem","position":1,"name":"Home","item":"https:\/\/themarketswatch.com\/de\/"},{"@type":"ListItem","position":2,"name":"D\u00e4nemarks K\u00f6nig Frederik X. begibt sich auf seinen ersten historischen Besuch in Polen"}]},{"@type":"WebSite","@id":"https:\/\/themarketswatch.com\/de\/#website","url":"https:\/\/themarketswatch.com\/de\/","name":"The Markets Watch","description":"The financial news you need to succeed","potentialAction":[{"@type":"SearchAction","target":{"@type":"EntryPoint","urlTemplate":"https:\/\/themarketswatch.com\/de\/?s={search_term_string}"},"query-input":{"@type":"PropertyValueSpecification","valueRequired":true,"valueName":"search_term_string"}}],"inLanguage":"de"},{"@type":"Person","@id":"https:\/\/themarketswatch.com\/de\/#\/schema\/person\/2f52cb3d99913aac7e5cd7e387d19131","name":"Rosalind Evans","image":{"@type":"ImageObject","inLanguage":"de","@id":"https:\/\/themarketswatch.com\/de\/#\/schema\/person\/image\/","url":"https:\/\/secure.gravatar.com\/avatar\/46bb33baa8823fa4c1410920773e0add3ec864fe42cabec6f10c1bbabd0c73d5?s=96&d=mm&r=g","contentUrl":"https:\/\/secure.gravatar.com\/avatar\/46bb33baa8823fa4c1410920773e0add3ec864fe42cabec6f10c1bbabd0c73d5?s=96&d=mm&r=g","caption":"Rosalind Evans"}}]}},"_links":{"self":[{"href":"https:\/\/themarketswatch.com\/de\/wp-json\/wp\/v2\/posts\/12483","targetHints":{"allow":["GET"]}}],"collection":[{"href":"https:\/\/themarketswatch.com\/de\/wp-json\/wp\/v2\/posts"}],"about":[{"href":"https:\/\/themarketswatch.com\/de\/wp-json\/wp\/v2\/types\/post"}],"author":[{"embeddable":true,"href":"https:\/\/themarketswatch.com\/de\/wp-json\/wp\/v2\/users\/3"}],"replies":[{"embeddable":true,"href":"https:\/\/themarketswatch.com\/de\/wp-json\/wp\/v2\/comments?post=12483"}],"version-history":[{"count":1,"href":"https:\/\/themarketswatch.com\/de\/wp-json\/wp\/v2\/posts\/12483\/revisions"}],"predecessor-version":[{"id":12484,"href":"https:\/\/themarketswatch.com\/de\/wp-json\/wp\/v2\/posts\/12483\/revisions\/12484"}],"wp:featuredmedia":[{"embeddable":true,"href":"https:\/\/themarketswatch.com\/de\/wp-json\/wp\/v2\/media\/12474"}],"wp:attachment":[{"href":"https:\/\/themarketswatch.com\/de\/wp-json\/wp\/v2\/media?parent=12483"}],"wp:term":[{"taxonomy":"category","embeddable":true,"href":"https:\/\/themarketswatch.com\/de\/wp-json\/wp\/v2\/categories?post=12483"},{"taxonomy":"post_tag","embeddable":true,"href":"https:\/\/themarketswatch.com\/de\/wp-json\/wp\/v2\/tags?post=12483"}],"curies":[{"name":"wp","href":"https:\/\/api.w.org\/{rel}","templated":true}]}}