{"id":16197,"date":"2024-06-12T16:52:54","date_gmt":"2024-06-12T20:52:54","guid":{"rendered":"https:\/\/themarketswatch.com\/unkategorisiert\/papst-franziskus-verwickelt-g7-staats-und-regierungschefs-in-einen-dialog-ueber-ki-ethik\/"},"modified":"2024-06-12T20:16:29","modified_gmt":"2024-06-13T00:16:29","slug":"papst-franziskus-verwickelt-g7-staats-und-regierungschefs-in-einen-dialog-ueber-ki-ethik","status":"publish","type":"post","link":"https:\/\/themarketswatch.com\/de\/unternehmen\/papst-franziskus-verwickelt-g7-staats-und-regierungschefs-in-einen-dialog-ueber-ki-ethik\/","title":{"rendered":"Papst Franziskus verwickelt G7-Staats- und Regierungschefs in einen Dialog \u00fcber KI-Ethik"},"content":{"rendered":"\n<p>In einem bahnbrechenden Schritt wird Papst Franziskus die Staats- und Regierungschefs der Gruppe der Sieben (G7) w\u00e4hrend ihres Gipfels in der malerischen Region Apulien in S\u00fcditalien zum Thema k\u00fcnstliche Intelligenz (KI) ansprechen. Dieses historische Ereignis ist der erste Fall, in dem ein Pontifex an hochrangigen Diskussionen \u00fcber KI teilnimmt.<\/p>\n\n<p>Das Interesse des Pontifex an diesem Thema wurde durch ein virales &#8222;Deep Fake&#8220;-Bild geweckt, das ihn in einer trendigen wei\u00dfen Pufferjacke zeigt und mit Hilfe von KI-Technologie erstellt wurde. Papst Franziskus ist sich der potenziellen Risiken bewusst, die mit der KI verbunden sind, und setzt sich daf\u00fcr ein, dass ihre Entwicklung im Einklang mit den menschlichen Werten steht und keine negativen Folgen hat.<\/p>\n\n<p>Aufgrund seines Hintergrunds als ehemaliger Chemiker begr\u00fc\u00dft Papst Franziskus den technologischen Fortschritt, einschlie\u00dflich der K\u00fcnstlichen Intelligenz (KI), wegen der damit verbundenen M\u00f6glichkeiten. Dennoch ist er sich der Gefahren bewusst, die der ungez\u00fcgelte technische Fortschritt mit sich bringt. In einer im letzten Jahr ver\u00f6ffentlichten Erkl\u00e4rung warnte er vor dem Aufstieg einer &#8222;technologischen Diktatur&#8220; und \u00e4u\u00dferte sich besorgt \u00fcber KI-gesteuerte Waffensysteme, \u00dcberwachungsstaaten und Wahlmanipulationen.<\/p>\n\n<p>Um diesen Bef\u00fcrchtungen zu begegnen, hat sich der Vatikan aktiv f\u00fcr einen ethischen Rahmen eingesetzt, der die Entwicklung und Anwendung von KI regelt. Initiativen wie der &#8222;R\u00f6mische Aufruf zur KI-Ethik&#8220;, der von der P\u00e4pstlichen Akademie f\u00fcr das Leben unterst\u00fctzt wird, betonen Prinzipien wie Transparenz, Inklusivit\u00e4t, Verantwortlichkeit und Fairness. Diese Erkl\u00e4rung wurde von prominenten Technologieunternehmen, Regierungen und religi\u00f6sen Pers\u00f6nlichkeiten weltweit unterst\u00fctzt.<\/p>\n\n<p>Es wird erwartet, dass Papst Franziskus w\u00e4hrend des G7-Gipfels die Staats- und Regierungschefs der Welt auffordern wird, bei der Regulierung von KI zusammenzuarbeiten, um sch\u00e4dliche Praktiken zu verhindern. Er hat sich bereits f\u00fcr einen &#8222;verbindlichen internationalen Vertrag&#8220; ausgesprochen, um den ethischen Fortschritt der KI zu f\u00f6rdern. Die Europ\u00e4ische Union hat bereits Gesetze zur Regulierung von KI erlassen, und die partei\u00fcbergreifenden Bem\u00fchungen in den Vereinigten Staaten deuten auf eine wachsende Dynamik f\u00fcr eine staatliche Aufsicht hin.<\/p>\n\n<p>Die Entscheidung von Papst Franziskus, sich am Diskurs \u00fcber k\u00fcnstliche Intelligenz zu beteiligen, spiegelt seine umfassendere Vision von der Rolle der Kirche in den Angelegenheiten der Gegenwart wider. Er betrachtet KI als integralen Bestandteil des &#8222;epochalen Wandels&#8220;, der sich im 21. Jahrhundert vollzieht, und ist der Ansicht, dass die Kirche die Diskussion \u00fcber die ethischen Auswirkungen anf\u00fchren muss.<\/p>\n\n<p>Pater Paolo Benanti, ein Franziskanerm\u00f6nch und KI-Spezialist, der mit dem Vatikan zusammenarbeitet, unterstreicht die Betonung von Papst Franziskus auf die gesellschaftlichen Auswirkungen der KI und ihre Auswirkungen auf die globale Harmonie. Er unterstreicht das Engagement des Papstes, Ungleichheiten, die durch den technologischen Fortschritt versch\u00e4rft werden, zu bek\u00e4mpfen und einen gerechten Zugang zu Technologie zu gew\u00e4hrleisten, insbesondere in Entwicklungsregionen.<\/p>\n\n<p>Erzbischof Vincenzo Paglia von der P\u00e4pstlichen Akademie f\u00fcr das Leben betont die Notwendigkeit einer internationalen Regulierung, um den Missbrauch und die Manipulation von KI einzud\u00e4mmen. Er behauptet, dass die KI nur durch konzertierte globale Anstrengungen f\u00fcr eine nachhaltige Entwicklung und den Fortschritt der Menschheit genutzt werden kann.<\/p>\n\n<p>Italien, das derzeit die G7-Pr\u00e4sidentschaft innehat, hat Ma\u00dfnahmen ergriffen, um Bedenken im Zusammenhang mit KI auszur\u00e4umen, darunter ein vor\u00fcbergehendes Verbot von KI-Chatbots aufgrund von Datenschutzproblemen. Ministerpr\u00e4sidentin Giorgia Meloni begr\u00fc\u00dft die Teilnahme von Papst Franziskus an dem Gipfel und betont die Bedeutung ethischer \u00dcberlegungen bei der Entwicklung von KI.<\/p>\n\n<p>Die Anwesenheit von Papst Franziskus auf dem G7-Gipfel unterstreicht sein Bestreben, sich mit den f\u00fchrenden Politikern der Welt \u00fcber kritische Fragen der Menschheit auszutauschen. Sein Eintreten f\u00fcr ethische KI verk\u00f6rpert das dauerhafte Engagement der Kirche f\u00fcr das Gemeinwohl und daf\u00fcr, dass der technologische Fortschritt den besten Interessen der Menschheit dient. Im Verlauf des Gipfels werden alle Augen auf Papst Franziskus gerichtet sein, der dem Diskurs \u00fcber k\u00fcnstliche Intelligenz einen unausl\u00f6schlichen Stempel aufdr\u00fccken wird.<\/p>\n","protected":false},"excerpt":{"rendered":"<p>In einem bahnbrechenden Schritt wird Papst Franziskus die Staats- und Regierungschefs der Gruppe der Sieben (G7) w\u00e4hrend ihres Gipfels in der malerischen Region Apulien in S\u00fcditalien zum Thema k\u00fcnstliche Intelligenz (KI) ansprechen. Dieses historische Ereignis ist der erste Fall, in dem ein Pontifex an hochrangigen Diskussionen \u00fcber KI teilnimmt. Das Interesse des Pontifex an diesem Thema wurde durch ein virales &#8222;Deep Fake&#8220;-Bild geweckt, das ihn in einer trendigen wei\u00dfen Pufferjacke zeigt und mit Hilfe von KI-Technologie erstellt wurde. Papst Franziskus ist sich der potenziellen Risiken bewusst, die mit der KI verbunden sind, und setzt sich daf\u00fcr ein, dass ihre Entwicklung<\/p>\n","protected":false},"author":2,"featured_media":16185,"comment_status":"closed","ping_status":"closed","sticky":false,"template":"","format":"standard","meta":{"footnotes":""},"categories":[349,340],"tags":[2453,11605,16502,16503,16504,10605,10609,3238,4209],"class_list":["post-16197","post","type-post","status-publish","format-standard","has-post-thumbnail","hentry","category-technik","category-unternehmen","tag-ai-de","tag-ethik","tag-ethischer-rahmen","tag-g7-gipfel","tag-menschheit","tag-papst-franziskus","tag-vatikan","tag-verordnung","tag-weltweite-zusammenarbeit","style--link-4"],"yoast_head":"<!-- This site is optimized with the Yoast SEO plugin v24.0 - https:\/\/yoast.com\/wordpress\/plugins\/seo\/ -->\n<title>Papst Franziskus verwickelt G7-Staats- und Regierungschefs in einen Dialog \u00fcber KI-Ethik<\/title>\n<meta name=\"description\" content=\"In einem bahnbrechenden Schritt wird Papst Franziskus die Staats- und Regierungschefs der Gruppe der Sieben (G7) w\u00e4hrend ihres Gipfels in der malerischen\" \/>\n<meta name=\"robots\" content=\"index, follow, max-snippet:-1, max-image-preview:large, max-video-preview:-1\" \/>\n<link rel=\"canonical\" href=\"https:\/\/themarketswatch.com\/de\/unternehmen\/papst-franziskus-verwickelt-g7-staats-und-regierungschefs-in-einen-dialog-ueber-ki-ethik\/\" \/>\n<meta property=\"og:locale\" content=\"de_DE\" \/>\n<meta property=\"og:type\" content=\"article\" \/>\n<meta property=\"og:title\" content=\"Papst Franziskus verwickelt G7-Staats- und Regierungschefs in einen Dialog \u00fcber KI-Ethik\" \/>\n<meta property=\"og:description\" content=\"In einem bahnbrechenden Schritt wird Papst Franziskus die Staats- und Regierungschefs der Gruppe der Sieben (G7) w\u00e4hrend ihres Gipfels in der malerischen\" \/>\n<meta property=\"og:url\" content=\"https:\/\/themarketswatch.com\/de\/unternehmen\/papst-franziskus-verwickelt-g7-staats-und-regierungschefs-in-einen-dialog-ueber-ki-ethik\/\" \/>\n<meta property=\"og:site_name\" content=\"The Markets Watch\" \/>\n<meta property=\"article:published_time\" content=\"2024-06-12T20:52:54+00:00\" \/>\n<meta property=\"article:modified_time\" content=\"2024-06-13T00:16:29+00:00\" \/>\n<meta property=\"og:image\" content=\"https:\/\/themarketswatch.com\/wp-content\/uploads\/2024\/06\/pope-francis-engages-g7-leaders-in-dialogue-on-ai-ethics.jpg\" \/>\n\t<meta property=\"og:image:width\" content=\"1200\" \/>\n\t<meta property=\"og:image:height\" content=\"799\" \/>\n\t<meta property=\"og:image:type\" content=\"image\/jpeg\" \/>\n<meta name=\"author\" content=\"Sarah Travers\" \/>\n<meta name=\"twitter:card\" content=\"summary_large_image\" \/>\n<meta name=\"twitter:label1\" content=\"Verfasst von\" \/>\n\t<meta name=\"twitter:data1\" content=\"Sarah Travers\" \/>\n\t<meta name=\"twitter:label2\" content=\"Gesch\u00e4tzte Lesezeit\" \/>\n\t<meta name=\"twitter:data2\" content=\"3\u00a0Minuten\" \/>\n<script type=\"application\/ld+json\" class=\"yoast-schema-graph\">{\"@context\":\"https:\/\/schema.org\",\"@graph\":[{\"@type\":\"WebPage\",\"@id\":\"https:\/\/themarketswatch.com\/de\/unternehmen\/papst-franziskus-verwickelt-g7-staats-und-regierungschefs-in-einen-dialog-ueber-ki-ethik\/\",\"url\":\"https:\/\/themarketswatch.com\/de\/unternehmen\/papst-franziskus-verwickelt-g7-staats-und-regierungschefs-in-einen-dialog-ueber-ki-ethik\/\",\"name\":\"Papst Franziskus verwickelt G7-Staats- und Regierungschefs in einen Dialog \u00fcber KI-Ethik\",\"isPartOf\":{\"@id\":\"https:\/\/themarketswatch.com\/de\/#website\"},\"primaryImageOfPage\":{\"@id\":\"https:\/\/themarketswatch.com\/de\/unternehmen\/papst-franziskus-verwickelt-g7-staats-und-regierungschefs-in-einen-dialog-ueber-ki-ethik\/#primaryimage\"},\"image\":{\"@id\":\"https:\/\/themarketswatch.com\/de\/unternehmen\/papst-franziskus-verwickelt-g7-staats-und-regierungschefs-in-einen-dialog-ueber-ki-ethik\/#primaryimage\"},\"thumbnailUrl\":\"https:\/\/themarketswatch.com\/wp-content\/uploads\/2024\/06\/pope-francis-engages-g7-leaders-in-dialogue-on-ai-ethics.jpg\",\"datePublished\":\"2024-06-12T20:52:54+00:00\",\"dateModified\":\"2024-06-13T00:16:29+00:00\",\"author\":{\"@id\":\"https:\/\/themarketswatch.com\/de\/#\/schema\/person\/daab938bc27f018288acaea97536874a\"},\"description\":\"In einem bahnbrechenden Schritt wird Papst Franziskus die Staats- und Regierungschefs der Gruppe der Sieben (G7) w\u00e4hrend ihres Gipfels in der malerischen\",\"breadcrumb\":{\"@id\":\"https:\/\/themarketswatch.com\/de\/unternehmen\/papst-franziskus-verwickelt-g7-staats-und-regierungschefs-in-einen-dialog-ueber-ki-ethik\/#breadcrumb\"},\"inLanguage\":\"de\",\"potentialAction\":[{\"@type\":\"ReadAction\",\"target\":[\"https:\/\/themarketswatch.com\/de\/unternehmen\/papst-franziskus-verwickelt-g7-staats-und-regierungschefs-in-einen-dialog-ueber-ki-ethik\/\"]}]},{\"@type\":\"ImageObject\",\"inLanguage\":\"de\",\"@id\":\"https:\/\/themarketswatch.com\/de\/unternehmen\/papst-franziskus-verwickelt-g7-staats-und-regierungschefs-in-einen-dialog-ueber-ki-ethik\/#primaryimage\",\"url\":\"https:\/\/themarketswatch.com\/wp-content\/uploads\/2024\/06\/pope-francis-engages-g7-leaders-in-dialogue-on-ai-ethics.jpg\",\"contentUrl\":\"https:\/\/themarketswatch.com\/wp-content\/uploads\/2024\/06\/pope-francis-engages-g7-leaders-in-dialogue-on-ai-ethics.jpg\",\"width\":1200,\"height\":799,\"caption\":\"VATICAN CITY, VATICAN - JANUARY 09 2020: Pope Francis addresses diplomats accredited to the Holy See during an audience for the traditional exchange of New Year greetings.\"},{\"@type\":\"BreadcrumbList\",\"@id\":\"https:\/\/themarketswatch.com\/de\/unternehmen\/papst-franziskus-verwickelt-g7-staats-und-regierungschefs-in-einen-dialog-ueber-ki-ethik\/#breadcrumb\",\"itemListElement\":[{\"@type\":\"ListItem\",\"position\":1,\"name\":\"Home\",\"item\":\"https:\/\/themarketswatch.com\/de\/\"},{\"@type\":\"ListItem\",\"position\":2,\"name\":\"Papst Franziskus verwickelt G7-Staats- und Regierungschefs in einen Dialog \u00fcber KI-Ethik\"}]},{\"@type\":\"WebSite\",\"@id\":\"https:\/\/themarketswatch.com\/de\/#website\",\"url\":\"https:\/\/themarketswatch.com\/de\/\",\"name\":\"The Markets Watch\",\"description\":\"The financial news you need to succeed\",\"potentialAction\":[{\"@type\":\"SearchAction\",\"target\":{\"@type\":\"EntryPoint\",\"urlTemplate\":\"https:\/\/themarketswatch.com\/de\/?s={search_term_string}\"},\"query-input\":{\"@type\":\"PropertyValueSpecification\",\"valueRequired\":true,\"valueName\":\"search_term_string\"}}],\"inLanguage\":\"de\"},{\"@type\":\"Person\",\"@id\":\"https:\/\/themarketswatch.com\/de\/#\/schema\/person\/daab938bc27f018288acaea97536874a\",\"name\":\"Sarah Travers\",\"image\":{\"@type\":\"ImageObject\",\"inLanguage\":\"de\",\"@id\":\"https:\/\/themarketswatch.com\/de\/#\/schema\/person\/image\/\",\"url\":\"https:\/\/secure.gravatar.com\/avatar\/4717fe7014d043092a1b7cd044eb24c1fc80b6ccd139d5eb7cd4f8c70401a2da?s=96&d=mm&r=g\",\"contentUrl\":\"https:\/\/secure.gravatar.com\/avatar\/4717fe7014d043092a1b7cd044eb24c1fc80b6ccd139d5eb7cd4f8c70401a2da?s=96&d=mm&r=g\",\"caption\":\"Sarah Travers\"}}]}<\/script>\n<!-- \/ Yoast SEO plugin. -->","yoast_head_json":{"title":"Papst Franziskus verwickelt G7-Staats- und Regierungschefs in einen Dialog \u00fcber KI-Ethik","description":"In einem bahnbrechenden Schritt wird Papst Franziskus die Staats- und Regierungschefs der Gruppe der Sieben (G7) w\u00e4hrend ihres Gipfels in der malerischen","robots":{"index":"index","follow":"follow","max-snippet":"max-snippet:-1","max-image-preview":"max-image-preview:large","max-video-preview":"max-video-preview:-1"},"canonical":"https:\/\/themarketswatch.com\/de\/unternehmen\/papst-franziskus-verwickelt-g7-staats-und-regierungschefs-in-einen-dialog-ueber-ki-ethik\/","og_locale":"de_DE","og_type":"article","og_title":"Papst Franziskus verwickelt G7-Staats- und Regierungschefs in einen Dialog \u00fcber KI-Ethik","og_description":"In einem bahnbrechenden Schritt wird Papst Franziskus die Staats- und Regierungschefs der Gruppe der Sieben (G7) w\u00e4hrend ihres Gipfels in der malerischen","og_url":"https:\/\/themarketswatch.com\/de\/unternehmen\/papst-franziskus-verwickelt-g7-staats-und-regierungschefs-in-einen-dialog-ueber-ki-ethik\/","og_site_name":"The Markets Watch","article_published_time":"2024-06-12T20:52:54+00:00","article_modified_time":"2024-06-13T00:16:29+00:00","og_image":[{"width":1200,"height":799,"url":"https:\/\/themarketswatch.com\/wp-content\/uploads\/2024\/06\/pope-francis-engages-g7-leaders-in-dialogue-on-ai-ethics.jpg","type":"image\/jpeg"}],"author":"Sarah Travers","twitter_card":"summary_large_image","twitter_misc":{"Verfasst von":"Sarah Travers","Gesch\u00e4tzte Lesezeit":"3\u00a0Minuten"},"schema":{"@context":"https:\/\/schema.org","@graph":[{"@type":"WebPage","@id":"https:\/\/themarketswatch.com\/de\/unternehmen\/papst-franziskus-verwickelt-g7-staats-und-regierungschefs-in-einen-dialog-ueber-ki-ethik\/","url":"https:\/\/themarketswatch.com\/de\/unternehmen\/papst-franziskus-verwickelt-g7-staats-und-regierungschefs-in-einen-dialog-ueber-ki-ethik\/","name":"Papst Franziskus verwickelt G7-Staats- und Regierungschefs in einen Dialog \u00fcber KI-Ethik","isPartOf":{"@id":"https:\/\/themarketswatch.com\/de\/#website"},"primaryImageOfPage":{"@id":"https:\/\/themarketswatch.com\/de\/unternehmen\/papst-franziskus-verwickelt-g7-staats-und-regierungschefs-in-einen-dialog-ueber-ki-ethik\/#primaryimage"},"image":{"@id":"https:\/\/themarketswatch.com\/de\/unternehmen\/papst-franziskus-verwickelt-g7-staats-und-regierungschefs-in-einen-dialog-ueber-ki-ethik\/#primaryimage"},"thumbnailUrl":"https:\/\/themarketswatch.com\/wp-content\/uploads\/2024\/06\/pope-francis-engages-g7-leaders-in-dialogue-on-ai-ethics.jpg","datePublished":"2024-06-12T20:52:54+00:00","dateModified":"2024-06-13T00:16:29+00:00","author":{"@id":"https:\/\/themarketswatch.com\/de\/#\/schema\/person\/daab938bc27f018288acaea97536874a"},"description":"In einem bahnbrechenden Schritt wird Papst Franziskus die Staats- und Regierungschefs der Gruppe der Sieben (G7) w\u00e4hrend ihres Gipfels in der malerischen","breadcrumb":{"@id":"https:\/\/themarketswatch.com\/de\/unternehmen\/papst-franziskus-verwickelt-g7-staats-und-regierungschefs-in-einen-dialog-ueber-ki-ethik\/#breadcrumb"},"inLanguage":"de","potentialAction":[{"@type":"ReadAction","target":["https:\/\/themarketswatch.com\/de\/unternehmen\/papst-franziskus-verwickelt-g7-staats-und-regierungschefs-in-einen-dialog-ueber-ki-ethik\/"]}]},{"@type":"ImageObject","inLanguage":"de","@id":"https:\/\/themarketswatch.com\/de\/unternehmen\/papst-franziskus-verwickelt-g7-staats-und-regierungschefs-in-einen-dialog-ueber-ki-ethik\/#primaryimage","url":"https:\/\/themarketswatch.com\/wp-content\/uploads\/2024\/06\/pope-francis-engages-g7-leaders-in-dialogue-on-ai-ethics.jpg","contentUrl":"https:\/\/themarketswatch.com\/wp-content\/uploads\/2024\/06\/pope-francis-engages-g7-leaders-in-dialogue-on-ai-ethics.jpg","width":1200,"height":799,"caption":"VATICAN CITY, VATICAN - JANUARY 09 2020: Pope Francis addresses diplomats accredited to the Holy See during an audience for the traditional exchange of New Year greetings."},{"@type":"BreadcrumbList","@id":"https:\/\/themarketswatch.com\/de\/unternehmen\/papst-franziskus-verwickelt-g7-staats-und-regierungschefs-in-einen-dialog-ueber-ki-ethik\/#breadcrumb","itemListElement":[{"@type":"ListItem","position":1,"name":"Home","item":"https:\/\/themarketswatch.com\/de\/"},{"@type":"ListItem","position":2,"name":"Papst Franziskus verwickelt G7-Staats- und Regierungschefs in einen Dialog \u00fcber KI-Ethik"}]},{"@type":"WebSite","@id":"https:\/\/themarketswatch.com\/de\/#website","url":"https:\/\/themarketswatch.com\/de\/","name":"The Markets Watch","description":"The financial news you need to succeed","potentialAction":[{"@type":"SearchAction","target":{"@type":"EntryPoint","urlTemplate":"https:\/\/themarketswatch.com\/de\/?s={search_term_string}"},"query-input":{"@type":"PropertyValueSpecification","valueRequired":true,"valueName":"search_term_string"}}],"inLanguage":"de"},{"@type":"Person","@id":"https:\/\/themarketswatch.com\/de\/#\/schema\/person\/daab938bc27f018288acaea97536874a","name":"Sarah Travers","image":{"@type":"ImageObject","inLanguage":"de","@id":"https:\/\/themarketswatch.com\/de\/#\/schema\/person\/image\/","url":"https:\/\/secure.gravatar.com\/avatar\/4717fe7014d043092a1b7cd044eb24c1fc80b6ccd139d5eb7cd4f8c70401a2da?s=96&d=mm&r=g","contentUrl":"https:\/\/secure.gravatar.com\/avatar\/4717fe7014d043092a1b7cd044eb24c1fc80b6ccd139d5eb7cd4f8c70401a2da?s=96&d=mm&r=g","caption":"Sarah Travers"}}]}},"_links":{"self":[{"href":"https:\/\/themarketswatch.com\/de\/wp-json\/wp\/v2\/posts\/16197","targetHints":{"allow":["GET"]}}],"collection":[{"href":"https:\/\/themarketswatch.com\/de\/wp-json\/wp\/v2\/posts"}],"about":[{"href":"https:\/\/themarketswatch.com\/de\/wp-json\/wp\/v2\/types\/post"}],"author":[{"embeddable":true,"href":"https:\/\/themarketswatch.com\/de\/wp-json\/wp\/v2\/users\/2"}],"replies":[{"embeddable":true,"href":"https:\/\/themarketswatch.com\/de\/wp-json\/wp\/v2\/comments?post=16197"}],"version-history":[{"count":1,"href":"https:\/\/themarketswatch.com\/de\/wp-json\/wp\/v2\/posts\/16197\/revisions"}],"predecessor-version":[{"id":16198,"href":"https:\/\/themarketswatch.com\/de\/wp-json\/wp\/v2\/posts\/16197\/revisions\/16198"}],"wp:featuredmedia":[{"embeddable":true,"href":"https:\/\/themarketswatch.com\/de\/wp-json\/wp\/v2\/media\/16185"}],"wp:attachment":[{"href":"https:\/\/themarketswatch.com\/de\/wp-json\/wp\/v2\/media?parent=16197"}],"wp:term":[{"taxonomy":"category","embeddable":true,"href":"https:\/\/themarketswatch.com\/de\/wp-json\/wp\/v2\/categories?post=16197"},{"taxonomy":"post_tag","embeddable":true,"href":"https:\/\/themarketswatch.com\/de\/wp-json\/wp\/v2\/tags?post=16197"}],"curies":[{"name":"wp","href":"https:\/\/api.w.org\/{rel}","templated":true}]}}