{"id":18213,"date":"2024-07-25T13:43:32","date_gmt":"2024-07-25T17:43:32","guid":{"rendered":"https:\/\/themarketswatch.com\/unkategorisiert\/niederlaendischer-koenig-vereidigt-neue-regierung-nach-siebenmonatiger-verzoegerung\/"},"modified":"2025-02-10T15:41:29","modified_gmt":"2025-02-10T20:41:29","slug":"niederlaendischer-koenig-vereidigt-neue-regierung-nach-siebenmonatiger-verzoegerung","status":"publish","type":"post","link":"https:\/\/themarketswatch.com\/de\/politik\/niederlaendischer-koenig-vereidigt-neue-regierung-nach-siebenmonatiger-verzoegerung\/","title":{"rendered":"Niederl\u00e4ndischer K\u00f6nig vereidigt neue Regierung nach siebenmonatiger Verz\u00f6gerung"},"content":{"rendered":"\n<p>Mit der Vereidigung des neuen Premierministers Dick Schoof und seines Kabinetts haben die Niederlande eine neue \u00c4ra des Regierens eingel\u00e4utet. Diese \u00c4nderung kommt nach einer langen siebenmonatigen Periode nach den Wahlen, die einen Anstieg der rechtsextremen Stimmungen mit sich brachten.<\/p>\n\n<h2 class=\"wp-block-heading\"><strong>Ein neuer F\u00fchrer nach 14 Jahren<\/strong><\/h2>\n\n<p>Die Niederlande haben zum ersten Mal seit 14 Jahren einen neuen Premierminister. Der 67-j\u00e4hrige Dick Schoof, zuvor Leiter des niederl\u00e4ndischen Geheimdienstes und der Terrorismusbek\u00e4mpfung, wurde im Huis Ten Bosch Palast offiziell vereidigt. Schoof erkl\u00e4rte und versprach, seine Pflichten als F\u00fchrer des Landes zu erf\u00fcllen, was einen bedeutenden politischen Wandel in der Nation markierte. Zusammen mit 15 anderen Ministern bildet er eine rechtsgerichtete Koalitionsregierung.<\/p>\n\n<h2 class=\"wp-block-heading\"><strong>Bildung der neuen Koalition<\/strong><\/h2>\n\n<p>Die Wahlergebnisse wurden von der einwanderungsfeindlichen Partei f\u00fcr die Freiheit von Geert Wilders dominiert, die den gr\u00f6\u00dften Anteil der Sitze gewann. Es dauerte jedoch 223 Tage, um die Regierung zu bilden. Zu der Koalition geh\u00f6ren Wilders&#8216; Partei, die Mitte-Rechts-Volkspartei f\u00fcr Freiheit und Demokratie, die populistische Bauern-B\u00fcrgerbewegung und die zentristische Partei Neuer Gesellschaftsvertrag. Der Koalitionsvertrag &#8222;Hoffnung, Mut und Stolz&#8220; sieht strenge Ma\u00dfnahmen f\u00fcr Asylbewerber vor und zielt darauf ab, die Zahl internationaler Studenten zu reduzieren.<\/p>\n\n<h2 class=\"wp-block-heading\"><strong>Kontroverse und Opposition<\/strong><\/h2>\n\n<p>Die neue Regierung wurde bereits f\u00fcr ihre Anti-Einwanderungspolitik kritisiert. W\u00e4hrend der Vereidigungszeremonie versammelten sich Demonstranten, die ihre Besorgnis \u00fcber die Demokratie zum Ausdruck brachten. Die Opposition innerhalb der Koalition verhinderte, dass Wilders Premierminister wurde, und er musste einige seiner extremen Ansichten zur\u00fccknehmen, darunter ein vorgeschlagenes Verbot von Moscheen und islamischen Schulen.<\/p>\n\n<h2 class=\"wp-block-heading\"><strong>Einzigartige Aspekte der neuen Regierung<\/strong><\/h2>\n\n<p>Zum ersten Mal seit dem Zweiten Weltkrieg haben die Niederlande einen Ministerpr\u00e4sidenten, der keiner politischen Partei angeh\u00f6rt. Dick Schoofs umfangreicher Hintergrund in den Bereichen nationale Sicherheit und Einwanderung macht ihn zu einer einzigartigen F\u00fchrungspers\u00f6nlichkeit. Dar\u00fcber hinaus wurden weitere Minister entsprechend ihrer Ressortzugeh\u00f6rigkeit vereidigt. Femke Wiersma, die Landwirtschaftsministerin, gab ihre Erkl\u00e4rung auf Friesisch ab, der zweiten Amtssprache des Landes.<\/p>\n\n<h2 class=\"wp-block-heading\"><strong>Jugend und akademischer Pushback<\/strong><\/h2>\n\n<p>Trotz des Wahlerfolgs der rechtsextremen Ansichten gibt es erheblichen Widerstand von politischen Jugendorganisationen und der Wissenschaft. Eva Brandemann vom Jugendfl\u00fcgel des Neuen Gesellschaftsvertrags betonte die Notwendigkeit einer fairen und w\u00fcrdigen Behandlung von Asylbewerbern. Mauk Bresser von der Volkspartei f\u00fcr Freiheit und Demokratie betonte die Bedeutung einer rechtzeitigen Bearbeitung der Antr\u00e4ge von Fl\u00fcchtlingen und der Integrationsm\u00f6glichkeiten.<\/p>\n\n<p>Die Universit\u00e4ten wehren sich auch gegen die Pl\u00e4ne der neuen Regierung, den Bildungshaushalt um fast 1 Milliarde Euro zu k\u00fcrzen. Nivja de Jong, Professorin an der Universit\u00e4t Leiden, betonte die negativen Auswirkungen auf die Ausbildung der Studenten und die weitergehenden Folgen f\u00fcr die akademische Forschung.<\/p>\n\n<h2 class=\"wp-block-heading\"><strong>Ein Sommer der Vorausplanung<\/strong><\/h2>\n\n<p>Die neue Regierung wird den Sommer damit verbringen, die Koalitionsvereinbarung in einen konkreten Regierungsplan umzusetzen. Die politische Landschaft in den Niederlanden spiegelt einen breiteren europ\u00e4ischen Trend wider, bei dem rechtsextreme Ansichten zunehmen, wie bei den j\u00fcngsten EU-Wahlen und der bevorstehenden franz\u00f6sischen Parlamentswahl zu beobachten ist.<\/p>\n\n<p>W\u00e4hrend sich die niederl\u00e4ndische Regierung in ihre neue Rolle einlebt, bereitet sich das Land auf bedeutende politische Ver\u00e4nderungen und anhaltende Debatten \u00fcber Einwanderung, Bildung und Demokratie vor.<\/p>\n","protected":false},"excerpt":{"rendered":"<p>Mit der Vereidigung des neuen Premierministers Dick Schoof und seines Kabinetts haben die Niederlande eine neue \u00c4ra des Regierens eingel\u00e4utet. Diese \u00c4nderung kommt nach einer langen siebenmonatigen Periode nach den Wahlen, die einen Anstieg der rechtsextremen Stimmungen mit sich brachten. Ein neuer F\u00fchrer nach 14 Jahren Die Niederlande haben zum ersten Mal seit 14 Jahren einen neuen Premierminister. Der 67-j\u00e4hrige Dick Schoof, zuvor Leiter des niederl\u00e4ndischen Geheimdienstes und der Terrorismusbek\u00e4mpfung, wurde im Huis Ten Bosch Palast offiziell vereidigt. Schoof erkl\u00e4rte und versprach, seine Pflichten als F\u00fchrer des Landes zu erf\u00fcllen, was einen bedeutenden politischen Wandel in der Nation markierte. Zusammen<\/p>\n","protected":false},"author":3,"featured_media":18191,"comment_status":"closed","ping_status":"closed","sticky":false,"template":"","format":"standard","meta":{"footnotes":""},"categories":[392],"tags":[11026,17822,17825,9859,17824,17826,17828,17823,17827,17829],"class_list":["post-18213","post","type-post","status-publish","format-standard","has-post-thumbnail","hentry","category-politik","tag-asylbewerber","tag-dick-schoof-de","tag-einwanderungspolitik-de","tag-geert-wilders-de","tag-koalitionsregierung","tag-kurzungen-des-bildungsbudgets","tag-niederlandische-politik","tag-niederlandische-regierung","tag-niederlandische-wahlen","tag-premierminister-der-niederlande","style--link-4"],"yoast_head":"<!-- This site is optimized with the Yoast SEO plugin v24.0 - https:\/\/yoast.com\/wordpress\/plugins\/seo\/ -->\n<title>Niederl\u00e4ndischer K\u00f6nig vereidigt neue Regierung nach siebenmonatiger Verz\u00f6gerung<\/title>\n<meta name=\"description\" content=\"Mit der Vereidigung des neuen Premierministers Dick Schoof und seines Kabinetts haben die Niederlande eine neue \u00c4ra des Regierens eingel\u00e4utet. Diese\" \/>\n<meta name=\"robots\" content=\"index, follow, max-snippet:-1, max-image-preview:large, max-video-preview:-1\" \/>\n<link rel=\"canonical\" href=\"https:\/\/themarketswatch.com\/de\/politik\/niederlaendischer-koenig-vereidigt-neue-regierung-nach-siebenmonatiger-verzoegerung\/\" \/>\n<meta property=\"og:locale\" content=\"de_DE\" \/>\n<meta property=\"og:type\" content=\"article\" \/>\n<meta property=\"og:title\" content=\"Niederl\u00e4ndischer K\u00f6nig vereidigt neue Regierung nach siebenmonatiger Verz\u00f6gerung\" \/>\n<meta property=\"og:description\" content=\"Mit der Vereidigung des neuen Premierministers Dick Schoof und seines Kabinetts haben die Niederlande eine neue \u00c4ra des Regierens eingel\u00e4utet. Diese\" \/>\n<meta property=\"og:url\" content=\"https:\/\/themarketswatch.com\/de\/politik\/niederlaendischer-koenig-vereidigt-neue-regierung-nach-siebenmonatiger-verzoegerung\/\" \/>\n<meta property=\"og:site_name\" content=\"The Markets Watch\" \/>\n<meta property=\"article:published_time\" content=\"2024-07-25T17:43:32+00:00\" \/>\n<meta property=\"article:modified_time\" content=\"2025-02-10T20:41:29+00:00\" \/>\n<meta property=\"og:image\" content=\"https:\/\/themarketswatch.com\/wp-content\/uploads\/2024\/07\/Netherlands-Government.webp\" \/>\n\t<meta property=\"og:image:width\" content=\"720\" \/>\n\t<meta property=\"og:image:height\" content=\"405\" \/>\n\t<meta property=\"og:image:type\" content=\"image\/webp\" \/>\n<meta name=\"author\" content=\"Rosalind Evans\" \/>\n<meta name=\"twitter:card\" content=\"summary_large_image\" \/>\n<meta name=\"twitter:label1\" content=\"Verfasst von\" \/>\n\t<meta name=\"twitter:data1\" content=\"Rosalind Evans\" \/>\n\t<meta name=\"twitter:label2\" content=\"Gesch\u00e4tzte Lesezeit\" \/>\n\t<meta name=\"twitter:data2\" content=\"3\u00a0Minuten\" \/>\n<script type=\"application\/ld+json\" class=\"yoast-schema-graph\">{\"@context\":\"https:\/\/schema.org\",\"@graph\":[{\"@type\":\"WebPage\",\"@id\":\"https:\/\/themarketswatch.com\/de\/politik\/niederlaendischer-koenig-vereidigt-neue-regierung-nach-siebenmonatiger-verzoegerung\/\",\"url\":\"https:\/\/themarketswatch.com\/de\/politik\/niederlaendischer-koenig-vereidigt-neue-regierung-nach-siebenmonatiger-verzoegerung\/\",\"name\":\"Niederl\u00e4ndischer K\u00f6nig vereidigt neue Regierung nach siebenmonatiger Verz\u00f6gerung\",\"isPartOf\":{\"@id\":\"https:\/\/themarketswatch.com\/de\/#website\"},\"primaryImageOfPage\":{\"@id\":\"https:\/\/themarketswatch.com\/de\/politik\/niederlaendischer-koenig-vereidigt-neue-regierung-nach-siebenmonatiger-verzoegerung\/#primaryimage\"},\"image\":{\"@id\":\"https:\/\/themarketswatch.com\/de\/politik\/niederlaendischer-koenig-vereidigt-neue-regierung-nach-siebenmonatiger-verzoegerung\/#primaryimage\"},\"thumbnailUrl\":\"https:\/\/themarketswatch.com\/wp-content\/uploads\/2024\/07\/Netherlands-Government.webp\",\"datePublished\":\"2024-07-25T17:43:32+00:00\",\"dateModified\":\"2025-02-10T20:41:29+00:00\",\"author\":{\"@id\":\"https:\/\/themarketswatch.com\/de\/#\/schema\/person\/2f52cb3d99913aac7e5cd7e387d19131\"},\"description\":\"Mit der Vereidigung des neuen Premierministers Dick Schoof und seines Kabinetts haben die Niederlande eine neue \u00c4ra des Regierens eingel\u00e4utet. Diese\",\"breadcrumb\":{\"@id\":\"https:\/\/themarketswatch.com\/de\/politik\/niederlaendischer-koenig-vereidigt-neue-regierung-nach-siebenmonatiger-verzoegerung\/#breadcrumb\"},\"inLanguage\":\"de\",\"potentialAction\":[{\"@type\":\"ReadAction\",\"target\":[\"https:\/\/themarketswatch.com\/de\/politik\/niederlaendischer-koenig-vereidigt-neue-regierung-nach-siebenmonatiger-verzoegerung\/\"]}]},{\"@type\":\"ImageObject\",\"inLanguage\":\"de\",\"@id\":\"https:\/\/themarketswatch.com\/de\/politik\/niederlaendischer-koenig-vereidigt-neue-regierung-nach-siebenmonatiger-verzoegerung\/#primaryimage\",\"url\":\"https:\/\/themarketswatch.com\/wp-content\/uploads\/2024\/07\/Netherlands-Government.webp\",\"contentUrl\":\"https:\/\/themarketswatch.com\/wp-content\/uploads\/2024\/07\/Netherlands-Government.webp\",\"width\":720,\"height\":405},{\"@type\":\"BreadcrumbList\",\"@id\":\"https:\/\/themarketswatch.com\/de\/politik\/niederlaendischer-koenig-vereidigt-neue-regierung-nach-siebenmonatiger-verzoegerung\/#breadcrumb\",\"itemListElement\":[{\"@type\":\"ListItem\",\"position\":1,\"name\":\"Home\",\"item\":\"https:\/\/themarketswatch.com\/de\/\"},{\"@type\":\"ListItem\",\"position\":2,\"name\":\"Niederl\u00e4ndischer K\u00f6nig vereidigt neue Regierung nach siebenmonatiger Verz\u00f6gerung\"}]},{\"@type\":\"WebSite\",\"@id\":\"https:\/\/themarketswatch.com\/de\/#website\",\"url\":\"https:\/\/themarketswatch.com\/de\/\",\"name\":\"The Markets Watch\",\"description\":\"The financial news you need to succeed\",\"potentialAction\":[{\"@type\":\"SearchAction\",\"target\":{\"@type\":\"EntryPoint\",\"urlTemplate\":\"https:\/\/themarketswatch.com\/de\/?s={search_term_string}\"},\"query-input\":{\"@type\":\"PropertyValueSpecification\",\"valueRequired\":true,\"valueName\":\"search_term_string\"}}],\"inLanguage\":\"de\"},{\"@type\":\"Person\",\"@id\":\"https:\/\/themarketswatch.com\/de\/#\/schema\/person\/2f52cb3d99913aac7e5cd7e387d19131\",\"name\":\"Rosalind Evans\",\"image\":{\"@type\":\"ImageObject\",\"inLanguage\":\"de\",\"@id\":\"https:\/\/themarketswatch.com\/de\/#\/schema\/person\/image\/\",\"url\":\"https:\/\/secure.gravatar.com\/avatar\/46bb33baa8823fa4c1410920773e0add3ec864fe42cabec6f10c1bbabd0c73d5?s=96&d=mm&r=g\",\"contentUrl\":\"https:\/\/secure.gravatar.com\/avatar\/46bb33baa8823fa4c1410920773e0add3ec864fe42cabec6f10c1bbabd0c73d5?s=96&d=mm&r=g\",\"caption\":\"Rosalind Evans\"}}]}<\/script>\n<!-- \/ Yoast SEO plugin. -->","yoast_head_json":{"title":"Niederl\u00e4ndischer K\u00f6nig vereidigt neue Regierung nach siebenmonatiger Verz\u00f6gerung","description":"Mit der Vereidigung des neuen Premierministers Dick Schoof und seines Kabinetts haben die Niederlande eine neue \u00c4ra des Regierens eingel\u00e4utet. Diese","robots":{"index":"index","follow":"follow","max-snippet":"max-snippet:-1","max-image-preview":"max-image-preview:large","max-video-preview":"max-video-preview:-1"},"canonical":"https:\/\/themarketswatch.com\/de\/politik\/niederlaendischer-koenig-vereidigt-neue-regierung-nach-siebenmonatiger-verzoegerung\/","og_locale":"de_DE","og_type":"article","og_title":"Niederl\u00e4ndischer K\u00f6nig vereidigt neue Regierung nach siebenmonatiger Verz\u00f6gerung","og_description":"Mit der Vereidigung des neuen Premierministers Dick Schoof und seines Kabinetts haben die Niederlande eine neue \u00c4ra des Regierens eingel\u00e4utet. Diese","og_url":"https:\/\/themarketswatch.com\/de\/politik\/niederlaendischer-koenig-vereidigt-neue-regierung-nach-siebenmonatiger-verzoegerung\/","og_site_name":"The Markets Watch","article_published_time":"2024-07-25T17:43:32+00:00","article_modified_time":"2025-02-10T20:41:29+00:00","og_image":[{"width":720,"height":405,"url":"https:\/\/themarketswatch.com\/wp-content\/uploads\/2024\/07\/Netherlands-Government.webp","type":"image\/webp"}],"author":"Rosalind Evans","twitter_card":"summary_large_image","twitter_misc":{"Verfasst von":"Rosalind Evans","Gesch\u00e4tzte Lesezeit":"3\u00a0Minuten"},"schema":{"@context":"https:\/\/schema.org","@graph":[{"@type":"WebPage","@id":"https:\/\/themarketswatch.com\/de\/politik\/niederlaendischer-koenig-vereidigt-neue-regierung-nach-siebenmonatiger-verzoegerung\/","url":"https:\/\/themarketswatch.com\/de\/politik\/niederlaendischer-koenig-vereidigt-neue-regierung-nach-siebenmonatiger-verzoegerung\/","name":"Niederl\u00e4ndischer K\u00f6nig vereidigt neue Regierung nach siebenmonatiger Verz\u00f6gerung","isPartOf":{"@id":"https:\/\/themarketswatch.com\/de\/#website"},"primaryImageOfPage":{"@id":"https:\/\/themarketswatch.com\/de\/politik\/niederlaendischer-koenig-vereidigt-neue-regierung-nach-siebenmonatiger-verzoegerung\/#primaryimage"},"image":{"@id":"https:\/\/themarketswatch.com\/de\/politik\/niederlaendischer-koenig-vereidigt-neue-regierung-nach-siebenmonatiger-verzoegerung\/#primaryimage"},"thumbnailUrl":"https:\/\/themarketswatch.com\/wp-content\/uploads\/2024\/07\/Netherlands-Government.webp","datePublished":"2024-07-25T17:43:32+00:00","dateModified":"2025-02-10T20:41:29+00:00","author":{"@id":"https:\/\/themarketswatch.com\/de\/#\/schema\/person\/2f52cb3d99913aac7e5cd7e387d19131"},"description":"Mit der Vereidigung des neuen Premierministers Dick Schoof und seines Kabinetts haben die Niederlande eine neue \u00c4ra des Regierens eingel\u00e4utet. Diese","breadcrumb":{"@id":"https:\/\/themarketswatch.com\/de\/politik\/niederlaendischer-koenig-vereidigt-neue-regierung-nach-siebenmonatiger-verzoegerung\/#breadcrumb"},"inLanguage":"de","potentialAction":[{"@type":"ReadAction","target":["https:\/\/themarketswatch.com\/de\/politik\/niederlaendischer-koenig-vereidigt-neue-regierung-nach-siebenmonatiger-verzoegerung\/"]}]},{"@type":"ImageObject","inLanguage":"de","@id":"https:\/\/themarketswatch.com\/de\/politik\/niederlaendischer-koenig-vereidigt-neue-regierung-nach-siebenmonatiger-verzoegerung\/#primaryimage","url":"https:\/\/themarketswatch.com\/wp-content\/uploads\/2024\/07\/Netherlands-Government.webp","contentUrl":"https:\/\/themarketswatch.com\/wp-content\/uploads\/2024\/07\/Netherlands-Government.webp","width":720,"height":405},{"@type":"BreadcrumbList","@id":"https:\/\/themarketswatch.com\/de\/politik\/niederlaendischer-koenig-vereidigt-neue-regierung-nach-siebenmonatiger-verzoegerung\/#breadcrumb","itemListElement":[{"@type":"ListItem","position":1,"name":"Home","item":"https:\/\/themarketswatch.com\/de\/"},{"@type":"ListItem","position":2,"name":"Niederl\u00e4ndischer K\u00f6nig vereidigt neue Regierung nach siebenmonatiger Verz\u00f6gerung"}]},{"@type":"WebSite","@id":"https:\/\/themarketswatch.com\/de\/#website","url":"https:\/\/themarketswatch.com\/de\/","name":"The Markets Watch","description":"The financial news you need to succeed","potentialAction":[{"@type":"SearchAction","target":{"@type":"EntryPoint","urlTemplate":"https:\/\/themarketswatch.com\/de\/?s={search_term_string}"},"query-input":{"@type":"PropertyValueSpecification","valueRequired":true,"valueName":"search_term_string"}}],"inLanguage":"de"},{"@type":"Person","@id":"https:\/\/themarketswatch.com\/de\/#\/schema\/person\/2f52cb3d99913aac7e5cd7e387d19131","name":"Rosalind Evans","image":{"@type":"ImageObject","inLanguage":"de","@id":"https:\/\/themarketswatch.com\/de\/#\/schema\/person\/image\/","url":"https:\/\/secure.gravatar.com\/avatar\/46bb33baa8823fa4c1410920773e0add3ec864fe42cabec6f10c1bbabd0c73d5?s=96&d=mm&r=g","contentUrl":"https:\/\/secure.gravatar.com\/avatar\/46bb33baa8823fa4c1410920773e0add3ec864fe42cabec6f10c1bbabd0c73d5?s=96&d=mm&r=g","caption":"Rosalind Evans"}}]}},"_links":{"self":[{"href":"https:\/\/themarketswatch.com\/de\/wp-json\/wp\/v2\/posts\/18213","targetHints":{"allow":["GET"]}}],"collection":[{"href":"https:\/\/themarketswatch.com\/de\/wp-json\/wp\/v2\/posts"}],"about":[{"href":"https:\/\/themarketswatch.com\/de\/wp-json\/wp\/v2\/types\/post"}],"author":[{"embeddable":true,"href":"https:\/\/themarketswatch.com\/de\/wp-json\/wp\/v2\/users\/3"}],"replies":[{"embeddable":true,"href":"https:\/\/themarketswatch.com\/de\/wp-json\/wp\/v2\/comments?post=18213"}],"version-history":[{"count":5,"href":"https:\/\/themarketswatch.com\/de\/wp-json\/wp\/v2\/posts\/18213\/revisions"}],"predecessor-version":[{"id":21786,"href":"https:\/\/themarketswatch.com\/de\/wp-json\/wp\/v2\/posts\/18213\/revisions\/21786"}],"wp:featuredmedia":[{"embeddable":true,"href":"https:\/\/themarketswatch.com\/de\/wp-json\/wp\/v2\/media\/18191"}],"wp:attachment":[{"href":"https:\/\/themarketswatch.com\/de\/wp-json\/wp\/v2\/media?parent=18213"}],"wp:term":[{"taxonomy":"category","embeddable":true,"href":"https:\/\/themarketswatch.com\/de\/wp-json\/wp\/v2\/categories?post=18213"},{"taxonomy":"post_tag","embeddable":true,"href":"https:\/\/themarketswatch.com\/de\/wp-json\/wp\/v2\/tags?post=18213"}],"curies":[{"name":"wp","href":"https:\/\/api.w.org\/{rel}","templated":true}]}}