{"id":6457,"date":"2023-06-12T12:16:00","date_gmt":"2023-06-12T16:16:00","guid":{"rendered":"https:\/\/themarketswatch.com\/unkategorisiert\/waehrend-biden-und-der-nato-chef-konferieren-stellt-sich-bereits-die-frage-der-nachfolge\/"},"modified":"2023-07-06T12:39:13","modified_gmt":"2023-07-06T16:39:13","slug":"waehrend-biden-und-der-nato-chef-konferieren-stellt-sich-bereits-die-frage-der-nachfolge","status":"publish","type":"post","link":"https:\/\/themarketswatch.com\/de\/politik\/waehrend-biden-und-der-nato-chef-konferieren-stellt-sich-bereits-die-frage-der-nachfolge\/","title":{"rendered":"W\u00e4hrend Biden und der NATO-Chef konferieren, stellt sich bereits die Frage der Nachfolge"},"content":{"rendered":"\n<p>Angesichts des f\u00fcr Montag anberaumten Treffens zwischen US-Pr\u00e4sident Joe Biden und NATO-Generalsekret\u00e4r Jens Stoltenberg steht die Frage, wer die Nachfolge des letzteren antreten wird, unausweichlich im Rampenlicht. Stoltenberg wird noch in diesem Jahr aus seinem Amt ausscheiden, und sein Nachfolger muss noch bestimmt werden.<\/p>\n\n<p>Ein hoher US-Beamter berichtet, dass Biden noch keinen bevorzugten Kandidaten f\u00fcr die Nachfolge Stoltenbergs ausgew\u00e4hlt hat. Normalerweise \u00fcbernimmt ein europ\u00e4ischer Kandidat die Rolle, aber die Unterst\u00fctzung des amerikanischen Pr\u00e4sidenten &#8211; des m\u00e4chtigsten Mitglieds der NATO &#8211; ist erforderlich.<\/p>\n\n<p>Es wird erwartet, dass sich die Staats- und Regierungschefs der NATO auf dem NATO-Gipfel in Litauen im Juli um ein neues Gesicht scharen werden, was darauf hindeutet, dass Biden sich in K\u00fcrze f\u00fcr seinen bevorzugten Kandidaten entscheiden muss.<\/p>\n\n<p>Der britische Premierminister Rishi Sunak hat seinen Verteidigungsminister Ben Wallace bei einem Gespr\u00e4ch mit Biden im Oval Office als m\u00f6glichen Kandidaten vorgestellt. Obwohl er von Biden als &#8222;sehr qualifiziert&#8220; bezeichnet wird, ist der Pr\u00e4sident noch unentschlossen.<\/p>\n\n<p>Ein hoher britischer Beamter \u00e4u\u00dferte, dass der neue NATO-Generalsekret\u00e4r Stoltenbergs Modernisierungsbem\u00fchungen fortsetzen und die kritische Bedeutung der Verteidigungsausgaben anerkennen sollte. Diese Perspektive k\u00f6nnte Kandidaten aus L\u00e4ndern in Frage stellen, die die NATO-Vereinbarung, 2% ihres BIP f\u00fcr Verteidigungsausgaben aufzuwenden, nicht erf\u00fcllt haben, darunter die d\u00e4nische Premierministerin Mette Frederiksen.<\/p>\n\n<p>Frederiksens k\u00fcrzlicher Besuch im Wei\u00dfen Haus hat zu Spekulationen gef\u00fchrt, dass sie f\u00fcr den NATO-F\u00fchrungsposten in Betracht gezogen werden k\u00f6nnte. Trotz der Vermutungen weigerte sich Frederiksen, diese M\u00f6glichkeit zu kommentieren und best\u00e4tigte auch nicht, ob sie w\u00e4hrend ihres Treffens mit Biden diskutiert wurde.<\/p>\n\n<p>Dennoch halten sich die Spekulationen, dass Frederiksen eine Spitzenkandidatin f\u00fcr den Posten sein k\u00f6nnte, vor allem deshalb, weil die NATO noch nie von einer Frau gef\u00fchrt wurde, ein Faktor, der Bidens Entscheidung beeinflussen k\u00f6nnte.<\/p>\n\n<p>Andere m\u00f6gliche Kandidaten f\u00fcr den Posten des NATO-Generalsekret\u00e4rs sind der niederl\u00e4ndische Premierminister Mark Rutte und die estnische Premierministerin Kaja Kallas, sagen Diplomaten.<\/p>\n\n<p>Stoltenberg, dessen Amtszeit im Oktober endet, hat klargestellt, dass er trotz dreimaliger Verl\u00e4ngerung der Amtszeit zur\u00fccktreten wird. Es wird erwartet, dass er als N\u00e4chstes die norwegische Zentralbank leiten wird, obwohl die Dauer dieser Position ungewiss ist, wenn er seinen NATO-Posten nicht im Herbst aufgibt.<\/p>\n\n<p>Seine F\u00fchrung der NATO w\u00e4hrend der Zeit nach der russischen Invasion in der Ukraine war von gro\u00dfer Bedeutung, da die Allianz Kiew durchgehend milit\u00e4rische und wirtschaftliche Unterst\u00fctzung leistete.<\/p>\n\n<p>Auch die NATO ist unter Stoltenberg gewachsen. So haben Finnland und Schweden ihre historische Neutralit\u00e4t aufgrund der russischen Aggression \u00fcberdacht und sind dem B\u00fcndnis beigetreten. Obwohl Finnland seine NATO-Mitgliedschaft im April abgeschlossen hat, st\u00f6\u00dft der Beitritt Schwedens auf den Widerstand der T\u00fcrkei, ein Problem, das hoffentlich vor dem NATO-Gipfel im Juli gel\u00f6st wird.<\/p>\n\n<p>Die Rolle der NATO-F\u00fchrung hat angesichts der zunehmenden geopolitischen Spannungen und Sicherheitsbedenken in Europa an Bedeutung gewonnen. Da das B\u00fcndnis eine Zeit des Wandels und der Herausforderungen vor sich hat, wird die Wahl des neuen Generalsekret\u00e4rs zweifellos von gr\u00f6\u00dfter Bedeutung sein. Wer auch immer die Rolle \u00fcbernimmt, wird die laufende Modernisierung der NATO leiten und sich mit den Bedenken hinsichtlich der Verteidigungsausgaben und der Erweiterung des B\u00fcndnisses befassen, insbesondere angesichts der russischen Aggression.<\/p>\n","protected":false},"excerpt":{"rendered":"<p>Angesichts des f\u00fcr Montag anberaumten Treffens zwischen US-Pr\u00e4sident Joe Biden und NATO-Generalsekret\u00e4r Jens Stoltenberg steht die Frage, wer die Nachfolge des letzteren antreten wird, unausweichlich im Rampenlicht. Stoltenberg wird noch in diesem Jahr aus seinem Amt ausscheiden, und sein Nachfolger muss noch bestimmt werden. Ein hoher US-Beamter berichtet, dass Biden noch keinen bevorzugten Kandidaten f\u00fcr die Nachfolge Stoltenbergs ausgew\u00e4hlt hat. Normalerweise \u00fcbernimmt ein europ\u00e4ischer Kandidat die Rolle, aber die Unterst\u00fctzung des amerikanischen Pr\u00e4sidenten &#8211; des m\u00e4chtigsten Mitglieds der NATO &#8211; ist erforderlich. Es wird erwartet, dass sich die Staats- und Regierungschefs der NATO auf dem NATO-Gipfel in Litauen im Juli<\/p>\n","protected":false},"author":3,"featured_media":6404,"comment_status":"closed","ping_status":"closed","sticky":false,"template":"","format":"standard","meta":{"footnotes":""},"categories":[392],"tags":[943,2600,2602,2598,2601,2599,2603,2595,2596,2597],"class_list":["post-6457","post","type-post","status-publish","format-standard","has-post-thumbnail","hentry","category-politik","tag-biden-de","tag-frederiksen-de","tag-fuhrung","tag-kandidat","tag-nachfolge","tag-nato-chef","tag-nato-generalsekretar","tag-nato-gipfel","tag-prasident","tag-stoltenberg-de","style--link-4"],"yoast_head":"<!-- This site is optimized with the Yoast SEO plugin v24.0 - https:\/\/yoast.com\/wordpress\/plugins\/seo\/ -->\n<title>W\u00e4hrend Biden und der NATO-Chef konferieren, stellt sich bereits die Frage der Nachfolge<\/title>\n<meta name=\"description\" content=\"Angesichts des f\u00fcr Montag anberaumten Treffens zwischen US-Pr\u00e4sident Joe Biden und NATO-Generalsekret\u00e4r Jens Stoltenberg steht die Frage, wer die\" \/>\n<meta name=\"robots\" content=\"index, follow, max-snippet:-1, max-image-preview:large, max-video-preview:-1\" \/>\n<link rel=\"canonical\" href=\"https:\/\/themarketswatch.com\/de\/politik\/waehrend-biden-und-der-nato-chef-konferieren-stellt-sich-bereits-die-frage-der-nachfolge\/\" \/>\n<meta property=\"og:locale\" content=\"de_DE\" \/>\n<meta property=\"og:type\" content=\"article\" \/>\n<meta property=\"og:title\" content=\"W\u00e4hrend Biden und der NATO-Chef konferieren, stellt sich bereits die Frage der Nachfolge\" \/>\n<meta property=\"og:description\" content=\"Angesichts des f\u00fcr Montag anberaumten Treffens zwischen US-Pr\u00e4sident Joe Biden und NATO-Generalsekret\u00e4r Jens Stoltenberg steht die Frage, wer die\" \/>\n<meta property=\"og:url\" content=\"https:\/\/themarketswatch.com\/de\/politik\/waehrend-biden-und-der-nato-chef-konferieren-stellt-sich-bereits-die-frage-der-nachfolge\/\" \/>\n<meta property=\"og:site_name\" content=\"The Markets Watch\" \/>\n<meta property=\"article:published_time\" content=\"2023-06-12T16:16:00+00:00\" \/>\n<meta property=\"article:modified_time\" content=\"2023-07-06T16:39:13+00:00\" \/>\n<meta property=\"og:image\" content=\"https:\/\/themarketswatch.com\/wp-content\/uploads\/2023\/07\/as-biden-and-nato-chief-confer-the-question-of-succession-emerges.jpg\" \/>\n\t<meta property=\"og:image:width\" content=\"1200\" \/>\n\t<meta property=\"og:image:height\" content=\"800\" \/>\n\t<meta property=\"og:image:type\" content=\"image\/jpeg\" \/>\n<meta name=\"author\" content=\"Rosalind Evans\" \/>\n<meta name=\"twitter:card\" content=\"summary_large_image\" \/>\n<meta name=\"twitter:label1\" content=\"Verfasst von\" \/>\n\t<meta name=\"twitter:data1\" content=\"Rosalind Evans\" \/>\n\t<meta name=\"twitter:label2\" content=\"Gesch\u00e4tzte Lesezeit\" \/>\n\t<meta name=\"twitter:data2\" content=\"3\u00a0Minuten\" \/>\n<script type=\"application\/ld+json\" class=\"yoast-schema-graph\">{\"@context\":\"https:\/\/schema.org\",\"@graph\":[{\"@type\":\"WebPage\",\"@id\":\"https:\/\/themarketswatch.com\/de\/politik\/waehrend-biden-und-der-nato-chef-konferieren-stellt-sich-bereits-die-frage-der-nachfolge\/\",\"url\":\"https:\/\/themarketswatch.com\/de\/politik\/waehrend-biden-und-der-nato-chef-konferieren-stellt-sich-bereits-die-frage-der-nachfolge\/\",\"name\":\"W\u00e4hrend Biden und der NATO-Chef konferieren, stellt sich bereits die Frage der Nachfolge\",\"isPartOf\":{\"@id\":\"https:\/\/themarketswatch.com\/de\/#website\"},\"primaryImageOfPage\":{\"@id\":\"https:\/\/themarketswatch.com\/de\/politik\/waehrend-biden-und-der-nato-chef-konferieren-stellt-sich-bereits-die-frage-der-nachfolge\/#primaryimage\"},\"image\":{\"@id\":\"https:\/\/themarketswatch.com\/de\/politik\/waehrend-biden-und-der-nato-chef-konferieren-stellt-sich-bereits-die-frage-der-nachfolge\/#primaryimage\"},\"thumbnailUrl\":\"https:\/\/themarketswatch.com\/wp-content\/uploads\/2023\/07\/as-biden-and-nato-chief-confer-the-question-of-succession-emerges.jpg\",\"datePublished\":\"2023-06-12T16:16:00+00:00\",\"dateModified\":\"2023-07-06T16:39:13+00:00\",\"author\":{\"@id\":\"https:\/\/themarketswatch.com\/de\/#\/schema\/person\/2f52cb3d99913aac7e5cd7e387d19131\"},\"description\":\"Angesichts des f\u00fcr Montag anberaumten Treffens zwischen US-Pr\u00e4sident Joe Biden und NATO-Generalsekret\u00e4r Jens Stoltenberg steht die Frage, wer die\",\"breadcrumb\":{\"@id\":\"https:\/\/themarketswatch.com\/de\/politik\/waehrend-biden-und-der-nato-chef-konferieren-stellt-sich-bereits-die-frage-der-nachfolge\/#breadcrumb\"},\"inLanguage\":\"de\",\"potentialAction\":[{\"@type\":\"ReadAction\",\"target\":[\"https:\/\/themarketswatch.com\/de\/politik\/waehrend-biden-und-der-nato-chef-konferieren-stellt-sich-bereits-die-frage-der-nachfolge\/\"]}]},{\"@type\":\"ImageObject\",\"inLanguage\":\"de\",\"@id\":\"https:\/\/themarketswatch.com\/de\/politik\/waehrend-biden-und-der-nato-chef-konferieren-stellt-sich-bereits-die-frage-der-nachfolge\/#primaryimage\",\"url\":\"https:\/\/themarketswatch.com\/wp-content\/uploads\/2023\/07\/as-biden-and-nato-chief-confer-the-question-of-succession-emerges.jpg\",\"contentUrl\":\"https:\/\/themarketswatch.com\/wp-content\/uploads\/2023\/07\/as-biden-and-nato-chief-confer-the-question-of-succession-emerges.jpg\",\"width\":1200,\"height\":800,\"caption\":\"NATO Flag - Close-up photo of waving original and simple NATO flag.\"},{\"@type\":\"BreadcrumbList\",\"@id\":\"https:\/\/themarketswatch.com\/de\/politik\/waehrend-biden-und-der-nato-chef-konferieren-stellt-sich-bereits-die-frage-der-nachfolge\/#breadcrumb\",\"itemListElement\":[{\"@type\":\"ListItem\",\"position\":1,\"name\":\"Home\",\"item\":\"https:\/\/themarketswatch.com\/de\/\"},{\"@type\":\"ListItem\",\"position\":2,\"name\":\"W\u00e4hrend Biden und der NATO-Chef konferieren, stellt sich bereits die Frage der Nachfolge\"}]},{\"@type\":\"WebSite\",\"@id\":\"https:\/\/themarketswatch.com\/de\/#website\",\"url\":\"https:\/\/themarketswatch.com\/de\/\",\"name\":\"The Markets Watch\",\"description\":\"The financial news you need to succeed\",\"potentialAction\":[{\"@type\":\"SearchAction\",\"target\":{\"@type\":\"EntryPoint\",\"urlTemplate\":\"https:\/\/themarketswatch.com\/de\/?s={search_term_string}\"},\"query-input\":{\"@type\":\"PropertyValueSpecification\",\"valueRequired\":true,\"valueName\":\"search_term_string\"}}],\"inLanguage\":\"de\"},{\"@type\":\"Person\",\"@id\":\"https:\/\/themarketswatch.com\/de\/#\/schema\/person\/2f52cb3d99913aac7e5cd7e387d19131\",\"name\":\"Rosalind Evans\",\"image\":{\"@type\":\"ImageObject\",\"inLanguage\":\"de\",\"@id\":\"https:\/\/themarketswatch.com\/de\/#\/schema\/person\/image\/\",\"url\":\"https:\/\/secure.gravatar.com\/avatar\/46bb33baa8823fa4c1410920773e0add3ec864fe42cabec6f10c1bbabd0c73d5?s=96&d=mm&r=g\",\"contentUrl\":\"https:\/\/secure.gravatar.com\/avatar\/46bb33baa8823fa4c1410920773e0add3ec864fe42cabec6f10c1bbabd0c73d5?s=96&d=mm&r=g\",\"caption\":\"Rosalind Evans\"}}]}<\/script>\n<!-- \/ Yoast SEO plugin. -->","yoast_head_json":{"title":"W\u00e4hrend Biden und der NATO-Chef konferieren, stellt sich bereits die Frage der Nachfolge","description":"Angesichts des f\u00fcr Montag anberaumten Treffens zwischen US-Pr\u00e4sident Joe Biden und NATO-Generalsekret\u00e4r Jens Stoltenberg steht die Frage, wer die","robots":{"index":"index","follow":"follow","max-snippet":"max-snippet:-1","max-image-preview":"max-image-preview:large","max-video-preview":"max-video-preview:-1"},"canonical":"https:\/\/themarketswatch.com\/de\/politik\/waehrend-biden-und-der-nato-chef-konferieren-stellt-sich-bereits-die-frage-der-nachfolge\/","og_locale":"de_DE","og_type":"article","og_title":"W\u00e4hrend Biden und der NATO-Chef konferieren, stellt sich bereits die Frage der Nachfolge","og_description":"Angesichts des f\u00fcr Montag anberaumten Treffens zwischen US-Pr\u00e4sident Joe Biden und NATO-Generalsekret\u00e4r Jens Stoltenberg steht die Frage, wer die","og_url":"https:\/\/themarketswatch.com\/de\/politik\/waehrend-biden-und-der-nato-chef-konferieren-stellt-sich-bereits-die-frage-der-nachfolge\/","og_site_name":"The Markets Watch","article_published_time":"2023-06-12T16:16:00+00:00","article_modified_time":"2023-07-06T16:39:13+00:00","og_image":[{"width":1200,"height":800,"url":"https:\/\/themarketswatch.com\/wp-content\/uploads\/2023\/07\/as-biden-and-nato-chief-confer-the-question-of-succession-emerges.jpg","type":"image\/jpeg"}],"author":"Rosalind Evans","twitter_card":"summary_large_image","twitter_misc":{"Verfasst von":"Rosalind Evans","Gesch\u00e4tzte Lesezeit":"3\u00a0Minuten"},"schema":{"@context":"https:\/\/schema.org","@graph":[{"@type":"WebPage","@id":"https:\/\/themarketswatch.com\/de\/politik\/waehrend-biden-und-der-nato-chef-konferieren-stellt-sich-bereits-die-frage-der-nachfolge\/","url":"https:\/\/themarketswatch.com\/de\/politik\/waehrend-biden-und-der-nato-chef-konferieren-stellt-sich-bereits-die-frage-der-nachfolge\/","name":"W\u00e4hrend Biden und der NATO-Chef konferieren, stellt sich bereits die Frage der Nachfolge","isPartOf":{"@id":"https:\/\/themarketswatch.com\/de\/#website"},"primaryImageOfPage":{"@id":"https:\/\/themarketswatch.com\/de\/politik\/waehrend-biden-und-der-nato-chef-konferieren-stellt-sich-bereits-die-frage-der-nachfolge\/#primaryimage"},"image":{"@id":"https:\/\/themarketswatch.com\/de\/politik\/waehrend-biden-und-der-nato-chef-konferieren-stellt-sich-bereits-die-frage-der-nachfolge\/#primaryimage"},"thumbnailUrl":"https:\/\/themarketswatch.com\/wp-content\/uploads\/2023\/07\/as-biden-and-nato-chief-confer-the-question-of-succession-emerges.jpg","datePublished":"2023-06-12T16:16:00+00:00","dateModified":"2023-07-06T16:39:13+00:00","author":{"@id":"https:\/\/themarketswatch.com\/de\/#\/schema\/person\/2f52cb3d99913aac7e5cd7e387d19131"},"description":"Angesichts des f\u00fcr Montag anberaumten Treffens zwischen US-Pr\u00e4sident Joe Biden und NATO-Generalsekret\u00e4r Jens Stoltenberg steht die Frage, wer die","breadcrumb":{"@id":"https:\/\/themarketswatch.com\/de\/politik\/waehrend-biden-und-der-nato-chef-konferieren-stellt-sich-bereits-die-frage-der-nachfolge\/#breadcrumb"},"inLanguage":"de","potentialAction":[{"@type":"ReadAction","target":["https:\/\/themarketswatch.com\/de\/politik\/waehrend-biden-und-der-nato-chef-konferieren-stellt-sich-bereits-die-frage-der-nachfolge\/"]}]},{"@type":"ImageObject","inLanguage":"de","@id":"https:\/\/themarketswatch.com\/de\/politik\/waehrend-biden-und-der-nato-chef-konferieren-stellt-sich-bereits-die-frage-der-nachfolge\/#primaryimage","url":"https:\/\/themarketswatch.com\/wp-content\/uploads\/2023\/07\/as-biden-and-nato-chief-confer-the-question-of-succession-emerges.jpg","contentUrl":"https:\/\/themarketswatch.com\/wp-content\/uploads\/2023\/07\/as-biden-and-nato-chief-confer-the-question-of-succession-emerges.jpg","width":1200,"height":800,"caption":"NATO Flag - Close-up photo of waving original and simple NATO flag."},{"@type":"BreadcrumbList","@id":"https:\/\/themarketswatch.com\/de\/politik\/waehrend-biden-und-der-nato-chef-konferieren-stellt-sich-bereits-die-frage-der-nachfolge\/#breadcrumb","itemListElement":[{"@type":"ListItem","position":1,"name":"Home","item":"https:\/\/themarketswatch.com\/de\/"},{"@type":"ListItem","position":2,"name":"W\u00e4hrend Biden und der NATO-Chef konferieren, stellt sich bereits die Frage der Nachfolge"}]},{"@type":"WebSite","@id":"https:\/\/themarketswatch.com\/de\/#website","url":"https:\/\/themarketswatch.com\/de\/","name":"The Markets Watch","description":"The financial news you need to succeed","potentialAction":[{"@type":"SearchAction","target":{"@type":"EntryPoint","urlTemplate":"https:\/\/themarketswatch.com\/de\/?s={search_term_string}"},"query-input":{"@type":"PropertyValueSpecification","valueRequired":true,"valueName":"search_term_string"}}],"inLanguage":"de"},{"@type":"Person","@id":"https:\/\/themarketswatch.com\/de\/#\/schema\/person\/2f52cb3d99913aac7e5cd7e387d19131","name":"Rosalind Evans","image":{"@type":"ImageObject","inLanguage":"de","@id":"https:\/\/themarketswatch.com\/de\/#\/schema\/person\/image\/","url":"https:\/\/secure.gravatar.com\/avatar\/46bb33baa8823fa4c1410920773e0add3ec864fe42cabec6f10c1bbabd0c73d5?s=96&d=mm&r=g","contentUrl":"https:\/\/secure.gravatar.com\/avatar\/46bb33baa8823fa4c1410920773e0add3ec864fe42cabec6f10c1bbabd0c73d5?s=96&d=mm&r=g","caption":"Rosalind Evans"}}]}},"_links":{"self":[{"href":"https:\/\/themarketswatch.com\/de\/wp-json\/wp\/v2\/posts\/6457","targetHints":{"allow":["GET"]}}],"collection":[{"href":"https:\/\/themarketswatch.com\/de\/wp-json\/wp\/v2\/posts"}],"about":[{"href":"https:\/\/themarketswatch.com\/de\/wp-json\/wp\/v2\/types\/post"}],"author":[{"embeddable":true,"href":"https:\/\/themarketswatch.com\/de\/wp-json\/wp\/v2\/users\/3"}],"replies":[{"embeddable":true,"href":"https:\/\/themarketswatch.com\/de\/wp-json\/wp\/v2\/comments?post=6457"}],"version-history":[{"count":1,"href":"https:\/\/themarketswatch.com\/de\/wp-json\/wp\/v2\/posts\/6457\/revisions"}],"predecessor-version":[{"id":6458,"href":"https:\/\/themarketswatch.com\/de\/wp-json\/wp\/v2\/posts\/6457\/revisions\/6458"}],"wp:featuredmedia":[{"embeddable":true,"href":"https:\/\/themarketswatch.com\/de\/wp-json\/wp\/v2\/media\/6404"}],"wp:attachment":[{"href":"https:\/\/themarketswatch.com\/de\/wp-json\/wp\/v2\/media?parent=6457"}],"wp:term":[{"taxonomy":"category","embeddable":true,"href":"https:\/\/themarketswatch.com\/de\/wp-json\/wp\/v2\/categories?post=6457"},{"taxonomy":"post_tag","embeddable":true,"href":"https:\/\/themarketswatch.com\/de\/wp-json\/wp\/v2\/tags?post=6457"}],"curies":[{"name":"wp","href":"https:\/\/api.w.org\/{rel}","templated":true}]}}