{"id":8894,"date":"2023-09-12T11:45:54","date_gmt":"2023-09-12T15:45:54","guid":{"rendered":"https:\/\/themarketswatch.com\/unkategorisiert\/auslaendischer-student-in-norwegen-wegen-spionageverdachts-inhaftiert\/"},"modified":"2023-09-12T14:29:12","modified_gmt":"2023-09-12T18:29:12","slug":"auslaendischer-student-in-norwegen-wegen-spionageverdachts-inhaftiert","status":"publish","type":"post","link":"https:\/\/themarketswatch.com\/de\/technik\/auslaendischer-student-in-norwegen-wegen-spionageverdachts-inhaftiert\/","title":{"rendered":"Ausl\u00e4ndischer Student in Norwegen wegen Spionageverdachts inhaftiert"},"content":{"rendered":"\n<p>Vor kurzem wurde in Norwegen ein 25-j\u00e4hriger ausl\u00e4ndischer Student verhaftet, der im Verdacht steht, an Spionageaktivit\u00e4ten, einschlie\u00dflich illegaler elektronischer \u00dcberwachung, beteiligt gewesen zu sein. Die Verhaftung, die am vergangenen Freitag erfolgte, hat Bedenken hinsichtlich der nationalen Sicherheit des Landes geweckt.<\/p>\n\n<h2 class=\"wp-block-heading\">Anklagen wegen Spionage und verschleierter Identit\u00e4t <\/h2>\n\n<p>Die Identit\u00e4t und die Nationalit\u00e4t der inhaftierten Person wurden nicht bekannt gegeben und sind geheimnisumwittert. Bei einem Gerichtstermin am Sonntag wurde die Person formell wegen Spionage und nachrichtendienstlicher T\u00e4tigkeit gegen Norwegen angeklagt. <\/p>\n\n<p>Die genaue ausl\u00e4ndische Organisation, in deren Auftrag der Verd\u00e4chtige angeblich spioniert hat, wurde von den norwegischen Beh\u00f6rden nicht bekannt gegeben. Es wird jedoch best\u00e4tigt, dass der Beschuldigte bei der ersten polizeilichen Befragung die Vorw\u00fcrfe bestritten hat.<\/p>\n\n<h2 class=\"wp-block-heading\">Unerlaubte technische \u00dcberwachung und sensible Standorte <\/h2>\n\n<p>Dem Verd\u00e4chtigen wird vorgeworfen, verschiedene technische Ger\u00e4te f\u00fcr unerlaubte nachrichtendienstliche Aktivit\u00e4ten eingesetzt zu haben. Die norwegischen Strafverfolgungsbeh\u00f6rden beschlagnahmten mehrere elektronische Ger\u00e4te der Person, die derzeit von der norwegischen Sicherheitsbeh\u00f6rde PST gepr\u00fcft werden. <\/p>\n\n<p>In dem Haftbefehl wird behauptet, dass der Verd\u00e4chtige bei einer nicht genehmigten Signal\u00fcberwachung in der N\u00e4he sensibler Regierungsstandorte, darunter das B\u00fcro des norwegischen Premierministers und das Verteidigungsministerium, festgenommen wurde. Dies hat zu erheblichen Bedenken hinsichtlich m\u00f6glicher Sicherheitsverletzungen gef\u00fchrt.<\/p>\n\n<h2 class=\"wp-block-heading\">Untersuchungshaft und kooperative Verdachtsmomente <\/h2>\n\n<p>Nach einer gerichtlichen Entscheidung wurde der ausl\u00e4ndische Student f\u00fcr die Dauer von vier Wochen in Untersuchungshaft genommen, wobei der Schriftverkehr und der Besuchsverkehr eingeschr\u00e4nkt sind. Dar\u00fcber hinaus haben die Sicherheitsbeh\u00f6rden die M\u00f6glichkeit angedeutet, dass der Verd\u00e4chtige nicht allein gehandelt hat, was auf ein m\u00f6gliches Netzwerk von Personen hindeutet, die in Spionageaktivit\u00e4ten verwickelt sind. <\/p>\n\n<p>Die Situation bleibt dynamisch, da die Beh\u00f6rden mit den Feinheiten des Falles zu k\u00e4mpfen haben. Der PST-Anwalt Thomas Blom hat betont, wie wichtig diese erste Phase der Untersuchung ist.<\/p>\n\n<h2 class=\"wp-block-heading\">Schutz der nationalen Sicherheit inmitten von Spionageverdachtsf\u00e4llen <\/h2>\n\n<p>Norwegen, ein Land mit 5,4 Millionen Einwohnern, war nach Einsch\u00e4tzung des PST in der Vergangenheit erheblichen nachrichtendienstlichen Bedrohungen durch staatliche Akteure wie Russland, China und Nordkorea ausgesetzt. <\/p>\n\n<p>Das Land wird den Fortgang der Ermittlungen in diesem Spionagefall genau verfolgen, um seine nationalen Sicherheitsinteressen zu sch\u00fctzen und die Sicherheit wichtiger Regierungseinrichtungen zu gew\u00e4hrleisten. Die Verhaftung des ausl\u00e4ndischen Studenten unterstreicht die anhaltenden Herausforderungen, denen sich die Staaten bei der Abwehr von Spionage in einer zunehmend vernetzten Welt gegen\u00fcbersehen.<\/p>\n","protected":false},"excerpt":{"rendered":"<p>Vor kurzem wurde in Norwegen ein 25-j\u00e4hriger ausl\u00e4ndischer Student verhaftet, der im Verdacht steht, an Spionageaktivit\u00e4ten, einschlie\u00dflich illegaler elektronischer \u00dcberwachung, beteiligt gewesen zu sein. Die Verhaftung, die am vergangenen Freitag erfolgte, hat Bedenken hinsichtlich der nationalen Sicherheit des Landes geweckt. Anklagen wegen Spionage und verschleierter Identit\u00e4t Die Identit\u00e4t und die Nationalit\u00e4t der inhaftierten Person wurden nicht bekannt gegeben und sind geheimnisumwittert. Bei einem Gerichtstermin am Sonntag wurde die Person formell wegen Spionage und nachrichtendienstlicher T\u00e4tigkeit gegen Norwegen angeklagt. Die genaue ausl\u00e4ndische Organisation, in deren Auftrag der Verd\u00e4chtige angeblich spioniert hat, wurde von den norwegischen Beh\u00f6rden nicht bekannt gegeben. Es wird<\/p>\n","protected":false},"author":2,"featured_media":8881,"comment_status":"closed","ping_status":"closed","sticky":false,"template":"","format":"standard","meta":{"footnotes":""},"categories":[349],"tags":[6469,3875,6470,6467,1500,6464,6466,6465,6468,6471],"class_list":["post-8894","post","type-post","status-publish","format-standard","has-post-thumbnail","hentry","category-technik","tag-auslandischer-student","tag-gebuhren","tag-identitat-ungenannt","tag-illegaler-lauschangriff","tag-nationale-sicherheit","tag-norwegen","tag-sensible-standorte","tag-spionage","tag-technische-uberwachung","tag-untersuchungshaft","style--link-4"],"yoast_head":"<!-- This site is optimized with the Yoast SEO plugin v24.0 - https:\/\/yoast.com\/wordpress\/plugins\/seo\/ -->\n<title>Ausl\u00e4ndischer Student in Norwegen wegen Spionageverdachts inhaftiert<\/title>\n<meta name=\"description\" content=\"Vor kurzem wurde in Norwegen ein 25-j\u00e4hriger ausl\u00e4ndischer Student verhaftet, der im Verdacht steht, an Spionageaktivit\u00e4ten, einschlie\u00dflich illegaler\" \/>\n<meta name=\"robots\" content=\"index, follow, max-snippet:-1, max-image-preview:large, max-video-preview:-1\" \/>\n<link rel=\"canonical\" href=\"https:\/\/themarketswatch.com\/de\/technik\/auslaendischer-student-in-norwegen-wegen-spionageverdachts-inhaftiert\/\" \/>\n<meta property=\"og:locale\" content=\"de_DE\" \/>\n<meta property=\"og:type\" content=\"article\" \/>\n<meta property=\"og:title\" content=\"Ausl\u00e4ndischer Student in Norwegen wegen Spionageverdachts inhaftiert\" \/>\n<meta property=\"og:description\" content=\"Vor kurzem wurde in Norwegen ein 25-j\u00e4hriger ausl\u00e4ndischer Student verhaftet, der im Verdacht steht, an Spionageaktivit\u00e4ten, einschlie\u00dflich illegaler\" \/>\n<meta property=\"og:url\" content=\"https:\/\/themarketswatch.com\/de\/technik\/auslaendischer-student-in-norwegen-wegen-spionageverdachts-inhaftiert\/\" \/>\n<meta property=\"og:site_name\" content=\"The Markets Watch\" \/>\n<meta property=\"article:published_time\" content=\"2023-09-12T15:45:54+00:00\" \/>\n<meta property=\"article:modified_time\" content=\"2023-09-12T18:29:12+00:00\" \/>\n<meta property=\"og:image\" content=\"https:\/\/themarketswatch.com\/wp-content\/uploads\/2023\/09\/foreign-student-detained-in-norway-on-suspicion-of-espionage.jpg\" \/>\n\t<meta property=\"og:image:width\" content=\"1200\" \/>\n\t<meta property=\"og:image:height\" content=\"800\" \/>\n\t<meta property=\"og:image:type\" content=\"image\/jpeg\" \/>\n<meta name=\"author\" content=\"Sarah Travers\" \/>\n<meta name=\"twitter:card\" content=\"summary_large_image\" \/>\n<meta name=\"twitter:label1\" content=\"Verfasst von\" \/>\n\t<meta name=\"twitter:data1\" content=\"Sarah Travers\" \/>\n\t<meta name=\"twitter:label2\" content=\"Gesch\u00e4tzte Lesezeit\" \/>\n\t<meta name=\"twitter:data2\" content=\"2\u00a0Minuten\" \/>\n<script type=\"application\/ld+json\" class=\"yoast-schema-graph\">{\"@context\":\"https:\/\/schema.org\",\"@graph\":[{\"@type\":\"WebPage\",\"@id\":\"https:\/\/themarketswatch.com\/de\/technik\/auslaendischer-student-in-norwegen-wegen-spionageverdachts-inhaftiert\/\",\"url\":\"https:\/\/themarketswatch.com\/de\/technik\/auslaendischer-student-in-norwegen-wegen-spionageverdachts-inhaftiert\/\",\"name\":\"Ausl\u00e4ndischer Student in Norwegen wegen Spionageverdachts inhaftiert\",\"isPartOf\":{\"@id\":\"https:\/\/themarketswatch.com\/de\/#website\"},\"primaryImageOfPage\":{\"@id\":\"https:\/\/themarketswatch.com\/de\/technik\/auslaendischer-student-in-norwegen-wegen-spionageverdachts-inhaftiert\/#primaryimage\"},\"image\":{\"@id\":\"https:\/\/themarketswatch.com\/de\/technik\/auslaendischer-student-in-norwegen-wegen-spionageverdachts-inhaftiert\/#primaryimage\"},\"thumbnailUrl\":\"https:\/\/themarketswatch.com\/wp-content\/uploads\/2023\/09\/foreign-student-detained-in-norway-on-suspicion-of-espionage.jpg\",\"datePublished\":\"2023-09-12T15:45:54+00:00\",\"dateModified\":\"2023-09-12T18:29:12+00:00\",\"author\":{\"@id\":\"https:\/\/themarketswatch.com\/de\/#\/schema\/person\/daab938bc27f018288acaea97536874a\"},\"description\":\"Vor kurzem wurde in Norwegen ein 25-j\u00e4hriger ausl\u00e4ndischer Student verhaftet, der im Verdacht steht, an Spionageaktivit\u00e4ten, einschlie\u00dflich illegaler\",\"breadcrumb\":{\"@id\":\"https:\/\/themarketswatch.com\/de\/technik\/auslaendischer-student-in-norwegen-wegen-spionageverdachts-inhaftiert\/#breadcrumb\"},\"inLanguage\":\"de\",\"potentialAction\":[{\"@type\":\"ReadAction\",\"target\":[\"https:\/\/themarketswatch.com\/de\/technik\/auslaendischer-student-in-norwegen-wegen-spionageverdachts-inhaftiert\/\"]}]},{\"@type\":\"ImageObject\",\"inLanguage\":\"de\",\"@id\":\"https:\/\/themarketswatch.com\/de\/technik\/auslaendischer-student-in-norwegen-wegen-spionageverdachts-inhaftiert\/#primaryimage\",\"url\":\"https:\/\/themarketswatch.com\/wp-content\/uploads\/2023\/09\/foreign-student-detained-in-norway-on-suspicion-of-espionage.jpg\",\"contentUrl\":\"https:\/\/themarketswatch.com\/wp-content\/uploads\/2023\/09\/foreign-student-detained-in-norway-on-suspicion-of-espionage.jpg\",\"width\":1200,\"height\":800,\"caption\":\"handcuffs on the prisoner. Making an arrest. Remand in custody\"},{\"@type\":\"BreadcrumbList\",\"@id\":\"https:\/\/themarketswatch.com\/de\/technik\/auslaendischer-student-in-norwegen-wegen-spionageverdachts-inhaftiert\/#breadcrumb\",\"itemListElement\":[{\"@type\":\"ListItem\",\"position\":1,\"name\":\"Home\",\"item\":\"https:\/\/themarketswatch.com\/de\/\"},{\"@type\":\"ListItem\",\"position\":2,\"name\":\"Ausl\u00e4ndischer Student in Norwegen wegen Spionageverdachts inhaftiert\"}]},{\"@type\":\"WebSite\",\"@id\":\"https:\/\/themarketswatch.com\/de\/#website\",\"url\":\"https:\/\/themarketswatch.com\/de\/\",\"name\":\"The Markets Watch\",\"description\":\"The financial news you need to succeed\",\"potentialAction\":[{\"@type\":\"SearchAction\",\"target\":{\"@type\":\"EntryPoint\",\"urlTemplate\":\"https:\/\/themarketswatch.com\/de\/?s={search_term_string}\"},\"query-input\":{\"@type\":\"PropertyValueSpecification\",\"valueRequired\":true,\"valueName\":\"search_term_string\"}}],\"inLanguage\":\"de\"},{\"@type\":\"Person\",\"@id\":\"https:\/\/themarketswatch.com\/de\/#\/schema\/person\/daab938bc27f018288acaea97536874a\",\"name\":\"Sarah Travers\",\"image\":{\"@type\":\"ImageObject\",\"inLanguage\":\"de\",\"@id\":\"https:\/\/themarketswatch.com\/de\/#\/schema\/person\/image\/\",\"url\":\"https:\/\/secure.gravatar.com\/avatar\/4717fe7014d043092a1b7cd044eb24c1fc80b6ccd139d5eb7cd4f8c70401a2da?s=96&d=mm&r=g\",\"contentUrl\":\"https:\/\/secure.gravatar.com\/avatar\/4717fe7014d043092a1b7cd044eb24c1fc80b6ccd139d5eb7cd4f8c70401a2da?s=96&d=mm&r=g\",\"caption\":\"Sarah Travers\"}}]}<\/script>\n<!-- \/ Yoast SEO plugin. -->","yoast_head_json":{"title":"Ausl\u00e4ndischer Student in Norwegen wegen Spionageverdachts inhaftiert","description":"Vor kurzem wurde in Norwegen ein 25-j\u00e4hriger ausl\u00e4ndischer Student verhaftet, der im Verdacht steht, an Spionageaktivit\u00e4ten, einschlie\u00dflich illegaler","robots":{"index":"index","follow":"follow","max-snippet":"max-snippet:-1","max-image-preview":"max-image-preview:large","max-video-preview":"max-video-preview:-1"},"canonical":"https:\/\/themarketswatch.com\/de\/technik\/auslaendischer-student-in-norwegen-wegen-spionageverdachts-inhaftiert\/","og_locale":"de_DE","og_type":"article","og_title":"Ausl\u00e4ndischer Student in Norwegen wegen Spionageverdachts inhaftiert","og_description":"Vor kurzem wurde in Norwegen ein 25-j\u00e4hriger ausl\u00e4ndischer Student verhaftet, der im Verdacht steht, an Spionageaktivit\u00e4ten, einschlie\u00dflich illegaler","og_url":"https:\/\/themarketswatch.com\/de\/technik\/auslaendischer-student-in-norwegen-wegen-spionageverdachts-inhaftiert\/","og_site_name":"The Markets Watch","article_published_time":"2023-09-12T15:45:54+00:00","article_modified_time":"2023-09-12T18:29:12+00:00","og_image":[{"width":1200,"height":800,"url":"https:\/\/themarketswatch.com\/wp-content\/uploads\/2023\/09\/foreign-student-detained-in-norway-on-suspicion-of-espionage.jpg","type":"image\/jpeg"}],"author":"Sarah Travers","twitter_card":"summary_large_image","twitter_misc":{"Verfasst von":"Sarah Travers","Gesch\u00e4tzte Lesezeit":"2\u00a0Minuten"},"schema":{"@context":"https:\/\/schema.org","@graph":[{"@type":"WebPage","@id":"https:\/\/themarketswatch.com\/de\/technik\/auslaendischer-student-in-norwegen-wegen-spionageverdachts-inhaftiert\/","url":"https:\/\/themarketswatch.com\/de\/technik\/auslaendischer-student-in-norwegen-wegen-spionageverdachts-inhaftiert\/","name":"Ausl\u00e4ndischer Student in Norwegen wegen Spionageverdachts inhaftiert","isPartOf":{"@id":"https:\/\/themarketswatch.com\/de\/#website"},"primaryImageOfPage":{"@id":"https:\/\/themarketswatch.com\/de\/technik\/auslaendischer-student-in-norwegen-wegen-spionageverdachts-inhaftiert\/#primaryimage"},"image":{"@id":"https:\/\/themarketswatch.com\/de\/technik\/auslaendischer-student-in-norwegen-wegen-spionageverdachts-inhaftiert\/#primaryimage"},"thumbnailUrl":"https:\/\/themarketswatch.com\/wp-content\/uploads\/2023\/09\/foreign-student-detained-in-norway-on-suspicion-of-espionage.jpg","datePublished":"2023-09-12T15:45:54+00:00","dateModified":"2023-09-12T18:29:12+00:00","author":{"@id":"https:\/\/themarketswatch.com\/de\/#\/schema\/person\/daab938bc27f018288acaea97536874a"},"description":"Vor kurzem wurde in Norwegen ein 25-j\u00e4hriger ausl\u00e4ndischer Student verhaftet, der im Verdacht steht, an Spionageaktivit\u00e4ten, einschlie\u00dflich illegaler","breadcrumb":{"@id":"https:\/\/themarketswatch.com\/de\/technik\/auslaendischer-student-in-norwegen-wegen-spionageverdachts-inhaftiert\/#breadcrumb"},"inLanguage":"de","potentialAction":[{"@type":"ReadAction","target":["https:\/\/themarketswatch.com\/de\/technik\/auslaendischer-student-in-norwegen-wegen-spionageverdachts-inhaftiert\/"]}]},{"@type":"ImageObject","inLanguage":"de","@id":"https:\/\/themarketswatch.com\/de\/technik\/auslaendischer-student-in-norwegen-wegen-spionageverdachts-inhaftiert\/#primaryimage","url":"https:\/\/themarketswatch.com\/wp-content\/uploads\/2023\/09\/foreign-student-detained-in-norway-on-suspicion-of-espionage.jpg","contentUrl":"https:\/\/themarketswatch.com\/wp-content\/uploads\/2023\/09\/foreign-student-detained-in-norway-on-suspicion-of-espionage.jpg","width":1200,"height":800,"caption":"handcuffs on the prisoner. Making an arrest. Remand in custody"},{"@type":"BreadcrumbList","@id":"https:\/\/themarketswatch.com\/de\/technik\/auslaendischer-student-in-norwegen-wegen-spionageverdachts-inhaftiert\/#breadcrumb","itemListElement":[{"@type":"ListItem","position":1,"name":"Home","item":"https:\/\/themarketswatch.com\/de\/"},{"@type":"ListItem","position":2,"name":"Ausl\u00e4ndischer Student in Norwegen wegen Spionageverdachts inhaftiert"}]},{"@type":"WebSite","@id":"https:\/\/themarketswatch.com\/de\/#website","url":"https:\/\/themarketswatch.com\/de\/","name":"The Markets Watch","description":"The financial news you need to succeed","potentialAction":[{"@type":"SearchAction","target":{"@type":"EntryPoint","urlTemplate":"https:\/\/themarketswatch.com\/de\/?s={search_term_string}"},"query-input":{"@type":"PropertyValueSpecification","valueRequired":true,"valueName":"search_term_string"}}],"inLanguage":"de"},{"@type":"Person","@id":"https:\/\/themarketswatch.com\/de\/#\/schema\/person\/daab938bc27f018288acaea97536874a","name":"Sarah Travers","image":{"@type":"ImageObject","inLanguage":"de","@id":"https:\/\/themarketswatch.com\/de\/#\/schema\/person\/image\/","url":"https:\/\/secure.gravatar.com\/avatar\/4717fe7014d043092a1b7cd044eb24c1fc80b6ccd139d5eb7cd4f8c70401a2da?s=96&d=mm&r=g","contentUrl":"https:\/\/secure.gravatar.com\/avatar\/4717fe7014d043092a1b7cd044eb24c1fc80b6ccd139d5eb7cd4f8c70401a2da?s=96&d=mm&r=g","caption":"Sarah Travers"}}]}},"_links":{"self":[{"href":"https:\/\/themarketswatch.com\/de\/wp-json\/wp\/v2\/posts\/8894","targetHints":{"allow":["GET"]}}],"collection":[{"href":"https:\/\/themarketswatch.com\/de\/wp-json\/wp\/v2\/posts"}],"about":[{"href":"https:\/\/themarketswatch.com\/de\/wp-json\/wp\/v2\/types\/post"}],"author":[{"embeddable":true,"href":"https:\/\/themarketswatch.com\/de\/wp-json\/wp\/v2\/users\/2"}],"replies":[{"embeddable":true,"href":"https:\/\/themarketswatch.com\/de\/wp-json\/wp\/v2\/comments?post=8894"}],"version-history":[{"count":1,"href":"https:\/\/themarketswatch.com\/de\/wp-json\/wp\/v2\/posts\/8894\/revisions"}],"predecessor-version":[{"id":8895,"href":"https:\/\/themarketswatch.com\/de\/wp-json\/wp\/v2\/posts\/8894\/revisions\/8895"}],"wp:featuredmedia":[{"embeddable":true,"href":"https:\/\/themarketswatch.com\/de\/wp-json\/wp\/v2\/media\/8881"}],"wp:attachment":[{"href":"https:\/\/themarketswatch.com\/de\/wp-json\/wp\/v2\/media?parent=8894"}],"wp:term":[{"taxonomy":"category","embeddable":true,"href":"https:\/\/themarketswatch.com\/de\/wp-json\/wp\/v2\/categories?post=8894"},{"taxonomy":"post_tag","embeddable":true,"href":"https:\/\/themarketswatch.com\/de\/wp-json\/wp\/v2\/tags?post=8894"}],"curies":[{"name":"wp","href":"https:\/\/api.w.org\/{rel}","templated":true}]}}