{"id":9437,"date":"2023-09-28T13:14:02","date_gmt":"2023-09-28T17:14:02","guid":{"rendered":"https:\/\/themarketswatch.com\/unkategorisiert\/ehemaliger-vorsitzender-von-sp-ratings-glaubt-dass-die-usa-anfaelliger-sind-als-im-jahr-2011\/"},"modified":"2023-09-29T18:35:24","modified_gmt":"2023-09-29T22:35:24","slug":"ehemaliger-vorsitzender-von-sp-ratings-glaubt-dass-die-usa-anfaelliger-sind-als-im-jahr-2011","status":"publish","type":"post","link":"https:\/\/themarketswatch.com\/de\/wirtschaft\/ehemaliger-vorsitzender-von-sp-ratings-glaubt-dass-die-usa-anfaelliger-sind-als-im-jahr-2011\/","title":{"rendered":"Ehemaliger Vorsitzender von S&amp;P Ratings glaubt, dass die USA anf\u00e4lliger sind als im Jahr 2011"},"content":{"rendered":"\n<p>Der ehemalige Leiter des S&amp;P Sovereign Rating Committee ist der Meinung, dass sich die USA in einer noch prek\u00e4reren Lage befinden als 2011, als die Agentur ihre Kreditw\u00fcrdigkeit herabsetzte.  <\/p>\n\n<p>Die drohende Schlie\u00dfung der Regierung ist f\u00fcr die dominierende Wirtschaft der Welt wieder in Sicht, abh\u00e4ngig davon, ob die Gesetzgeber in Washington einen Haushalt vor dem 1. Oktober verabschieden k\u00f6nnen.<\/p>\n\n<p>Der Sprecher des Repr\u00e4sentantenhauses, Kevin McCarthy, befindet sich auf einem Drahtseilakt im Repr\u00e4sentantenhaus. Er kann sich einen Verlust von mehr als vier Stimmen seiner republikanischen Kollegen nicht leisten. Allerdings st\u00f6\u00dft er auf den Widerstand der Konservativen in seiner Partei, die sich f\u00fcr eine st\u00e4rkere K\u00fcrzung der Haushaltsausgaben einsetzen.<\/p>\n\n<p>Zu Beginn der Woche \u00e4u\u00dferte Moody&#8217;s die Bef\u00fcrchtung, dass sich ein Stillstand der Regierung negativ auf die Kreditw\u00fcrdigkeit des Landes auswirken k\u00f6nnte. Dies geschah, nachdem Fitch im August beschlossen hatte, die langfristige Kreditw\u00fcrdigkeit der USA aufgrund der anhaltenden politischen Uneinigkeit \u00fcber die Schuldenobergrenze herabzusetzen.<\/p>\n\n<p>2011 sorgte S&amp;P inmitten des politischen Streits um die Schuldenobergrenze f\u00fcr Schlagzeilen, indem es das langfristige Kreditrating von einem makellosen AAA auf AA+ herabsetzte. <\/p>\n\n<p>W\u00e4hrend eines k\u00fcrzlichen Auftritts in der CNBC-Sendung &#8222;Capital Connection&#8220; sagte John Chambers, der w\u00e4hrend der Herabstufung im Jahr 2011 den Vorsitz des Sovereign Rating Committee bei S&amp;P Global Ratings innehatte, dass seiner Meinung nach ein Regierungsstillstand bevorstehe, und wies darauf hin, dass solche Vorkommnisse auf eine fragile Regierungsf\u00fchrung hindeuten.<\/p>\n\n<p>Chambers betonte au\u00dferdem, dass sich die Umst\u00e4nde, die zur Herabstufung 2011 gef\u00fchrt haben, offenbar verschlechtern. Er stellte fest: &#8222;Derzeit betr\u00e4gt das Gesamtdefizit der Bundes- und Kommunalverwaltungen mehr als 7 % des BIP, und die Staatsverschuldung liegt bei 120 %. Damals gingen wir von einem m\u00f6glichen Anstieg auf 100 % des BIP aus &#8211; eine Vorhersage, die viele in der Regierung f\u00fcr zu pessimistisch hielten.&#8220;<\/p>\n\n<p>Dar\u00fcber hinaus kommentierte Chambers die wahrgenommene Schw\u00e4chung der Regierungsf\u00fchrung und betonte die zunehmende politische Uneinigkeit, die Angst vor einem m\u00f6glichen Zahlungsausfall der Regierung aufgrund der Schuldenobergrenze und die beunruhigenden Ereignisse am 6. Januar 2021.<\/p>\n\n<p>Angesichts der festgefahrenen Haushaltslage k\u00f6nnte McCarthy die Unterst\u00fctzung der meisten Republikaner ben\u00f6tigen. Der Freedom Caucus, dem im Januar 49 Mitglieder angeh\u00f6rten, war jedoch ein erhebliches Hindernis, da er sich f\u00fcr strengere Haushaltsk\u00fcrzungen einsetzte. Um einen Stillstand zu verhindern, k\u00f6nnte McCarthy die Demokraten um Unterst\u00fctzung bitten. Ein solcher Schritt k\u00f6nnte jedoch seine Position als Sprecher gef\u00e4hrden, da einige Republikaner seine Abl\u00f6sung in Erw\u00e4gung ziehen.<\/p>\n\n<p>Zu Beginn dieses Jahres bedrohte eine weitere Auseinandersetzung um die Schuldenobergrenze die finanzielle Lage der USA. Dies geschah bis zu einer Einigung zwischen Pr\u00e4sident Joe Biden und McCarthy im letzten Moment.<\/p>\n\n<p>In der Begr\u00fcndung f\u00fcr die Herabstufung des Ratings im August verwies Fitch auf die zu erwartenden fiskalischen Herausforderungen in den kommenden Jahren und die sich verschlechternde Regierungsf\u00fchrung, die sich in dem h\u00e4ufigen politischen Gezerre um die Schuldenobergrenze zeigt.<\/p>\n\n<p>Dennoch hielten mehrere einflussreiche Banker und Wirtschaftswissenschaftler die Herabstufung f\u00fcr relativ folgenlos.<\/p>\n\n<p>W\u00e4hrend die USA durch die turbulenten Gew\u00e4sser der politischen Zwietracht, des drohenden Shutdowns und der fiskalischen Herausforderungen navigieren, \u00e4u\u00dfern Finanzinstitute und Rating-Agenturen gemeinsam ihre Besorgnis \u00fcber die Regierungsf\u00fchrung und die wirtschaftliche Stabilit\u00e4t. Auch wenn einige die Bedeutung dieser Herabstufungen herunterspielen m\u00f6gen, k\u00f6nnen die Auswirkungen auf die Stimmung der Anleger, die globalen Finanzm\u00e4rkte und die Wirtschaft im Allgemeinen nicht ignoriert werden. Mehr denn je kommt es jetzt auf eine kooperative und strategische Entscheidungsfindung von allen Seiten an, um die finanzielle Stabilit\u00e4t des Landes dauerhaft zu sichern.<\/p>\n","protected":false},"excerpt":{"rendered":"<p>Der ehemalige Leiter des S&amp;P Sovereign Rating Committee ist der Meinung, dass sich die USA in einer noch prek\u00e4reren Lage befinden als 2011, als die Agentur ihre Kreditw\u00fcrdigkeit herabsetzte. Die drohende Schlie\u00dfung der Regierung ist f\u00fcr die dominierende Wirtschaft der Welt wieder in Sicht, abh\u00e4ngig davon, ob die Gesetzgeber in Washington einen Haushalt vor dem 1. Oktober verabschieden k\u00f6nnen. Der Sprecher des Repr\u00e4sentantenhauses, Kevin McCarthy, befindet sich auf einem Drahtseilakt im Repr\u00e4sentantenhaus. Er kann sich einen Verlust von mehr als vier Stimmen seiner republikanischen Kollegen nicht leisten. Allerdings st\u00f6\u00dft er auf den Widerstand der Konservativen in seiner Partei, die sich<\/p>\n","protected":false},"author":2,"featured_media":9394,"comment_status":"closed","ping_status":"closed","sticky":false,"template":"","format":"standard","meta":{"footnotes":""},"categories":[342],"tags":[3169,7225,7227,7296,4725,7298,7223,1365,7295,554,5261,129],"class_list":["post-9437","post","type-post","status-publish","format-standard","has-post-thumbnail","hentry","category-wirtschaft","tag-fiskalische-herausforderungen","tag-fitch","tag-governance","tag-kredit-ratings","tag-moodys","tag-politische-zwietracht","tag-sp-global-ratings","tag-schuldenobergrenze","tag-stillstand-der-regierung","tag-u-s","tag-u-s-wirtschaft","tag-us","style--link-4"],"yoast_head":"<!-- This site is optimized with the Yoast SEO plugin v24.0 - https:\/\/yoast.com\/wordpress\/plugins\/seo\/ -->\n<title>Ehemaliger Vorsitzender von S&amp;P Ratings glaubt, dass die USA anf\u00e4lliger sind als im Jahr 2011<\/title>\n<meta name=\"description\" content=\"Der ehemalige Leiter des S&amp;P Sovereign Rating Committee ist der Meinung, dass sich die USA in einer noch prek\u00e4reren Lage befinden als 2011, als die\" \/>\n<meta name=\"robots\" content=\"index, follow, max-snippet:-1, max-image-preview:large, max-video-preview:-1\" \/>\n<link rel=\"canonical\" href=\"https:\/\/themarketswatch.com\/de\/wirtschaft\/ehemaliger-vorsitzender-von-sp-ratings-glaubt-dass-die-usa-anfaelliger-sind-als-im-jahr-2011\/\" \/>\n<meta property=\"og:locale\" content=\"de_DE\" \/>\n<meta property=\"og:type\" content=\"article\" \/>\n<meta property=\"og:title\" content=\"Ehemaliger Vorsitzender von S&amp;P Ratings glaubt, dass die USA anf\u00e4lliger sind als im Jahr 2011\" \/>\n<meta property=\"og:description\" content=\"Der ehemalige Leiter des S&amp;P Sovereign Rating Committee ist der Meinung, dass sich die USA in einer noch prek\u00e4reren Lage befinden als 2011, als die\" \/>\n<meta property=\"og:url\" content=\"https:\/\/themarketswatch.com\/de\/wirtschaft\/ehemaliger-vorsitzender-von-sp-ratings-glaubt-dass-die-usa-anfaelliger-sind-als-im-jahr-2011\/\" \/>\n<meta property=\"og:site_name\" content=\"The Markets Watch\" \/>\n<meta property=\"article:published_time\" content=\"2023-09-28T17:14:02+00:00\" \/>\n<meta property=\"article:modified_time\" content=\"2023-09-29T22:35:24+00:00\" \/>\n<meta property=\"og:image\" content=\"https:\/\/themarketswatch.com\/wp-content\/uploads\/2023\/09\/former-sp-ratings-chairman-believes-the-u.s.-is-more-vulnerable-than-in-2011.jpg\" \/>\n\t<meta property=\"og:image:width\" content=\"1200\" \/>\n\t<meta property=\"og:image:height\" content=\"800\" \/>\n\t<meta property=\"og:image:type\" content=\"image\/jpeg\" \/>\n<meta name=\"author\" content=\"Sarah Travers\" \/>\n<meta name=\"twitter:card\" content=\"summary_large_image\" \/>\n<meta name=\"twitter:label1\" content=\"Verfasst von\" \/>\n\t<meta name=\"twitter:data1\" content=\"Sarah Travers\" \/>\n\t<meta name=\"twitter:label2\" content=\"Gesch\u00e4tzte Lesezeit\" \/>\n\t<meta name=\"twitter:data2\" content=\"3\u00a0Minuten\" \/>\n<script type=\"application\/ld+json\" class=\"yoast-schema-graph\">{\"@context\":\"https:\/\/schema.org\",\"@graph\":[{\"@type\":\"WebPage\",\"@id\":\"https:\/\/themarketswatch.com\/de\/wirtschaft\/ehemaliger-vorsitzender-von-sp-ratings-glaubt-dass-die-usa-anfaelliger-sind-als-im-jahr-2011\/\",\"url\":\"https:\/\/themarketswatch.com\/de\/wirtschaft\/ehemaliger-vorsitzender-von-sp-ratings-glaubt-dass-die-usa-anfaelliger-sind-als-im-jahr-2011\/\",\"name\":\"Ehemaliger Vorsitzender von S&amp;P Ratings glaubt, dass die USA anf\u00e4lliger sind als im Jahr 2011\",\"isPartOf\":{\"@id\":\"https:\/\/themarketswatch.com\/de\/#website\"},\"primaryImageOfPage\":{\"@id\":\"https:\/\/themarketswatch.com\/de\/wirtschaft\/ehemaliger-vorsitzender-von-sp-ratings-glaubt-dass-die-usa-anfaelliger-sind-als-im-jahr-2011\/#primaryimage\"},\"image\":{\"@id\":\"https:\/\/themarketswatch.com\/de\/wirtschaft\/ehemaliger-vorsitzender-von-sp-ratings-glaubt-dass-die-usa-anfaelliger-sind-als-im-jahr-2011\/#primaryimage\"},\"thumbnailUrl\":\"https:\/\/themarketswatch.com\/wp-content\/uploads\/2023\/09\/former-sp-ratings-chairman-believes-the-u.s.-is-more-vulnerable-than-in-2011.jpg\",\"datePublished\":\"2023-09-28T17:14:02+00:00\",\"dateModified\":\"2023-09-29T22:35:24+00:00\",\"author\":{\"@id\":\"https:\/\/themarketswatch.com\/de\/#\/schema\/person\/daab938bc27f018288acaea97536874a\"},\"description\":\"Der ehemalige Leiter des S&amp;P Sovereign Rating Committee ist der Meinung, dass sich die USA in einer noch prek\u00e4reren Lage befinden als 2011, als die\",\"breadcrumb\":{\"@id\":\"https:\/\/themarketswatch.com\/de\/wirtschaft\/ehemaliger-vorsitzender-von-sp-ratings-glaubt-dass-die-usa-anfaelliger-sind-als-im-jahr-2011\/#breadcrumb\"},\"inLanguage\":\"de\",\"potentialAction\":[{\"@type\":\"ReadAction\",\"target\":[\"https:\/\/themarketswatch.com\/de\/wirtschaft\/ehemaliger-vorsitzender-von-sp-ratings-glaubt-dass-die-usa-anfaelliger-sind-als-im-jahr-2011\/\"]}]},{\"@type\":\"ImageObject\",\"inLanguage\":\"de\",\"@id\":\"https:\/\/themarketswatch.com\/de\/wirtschaft\/ehemaliger-vorsitzender-von-sp-ratings-glaubt-dass-die-usa-anfaelliger-sind-als-im-jahr-2011\/#primaryimage\",\"url\":\"https:\/\/themarketswatch.com\/wp-content\/uploads\/2023\/09\/former-sp-ratings-chairman-believes-the-u.s.-is-more-vulnerable-than-in-2011.jpg\",\"contentUrl\":\"https:\/\/themarketswatch.com\/wp-content\/uploads\/2023\/09\/former-sp-ratings-chairman-believes-the-u.s.-is-more-vulnerable-than-in-2011.jpg\",\"width\":1200,\"height\":800,\"caption\":\"Washington, DC - US - Nov 15, 2022: US House Republican Leader Kevin McCarthy (R-CA) speaks with reporters about the GOP conference's leadership elections. Credit: Cliff Owen - CNP\"},{\"@type\":\"BreadcrumbList\",\"@id\":\"https:\/\/themarketswatch.com\/de\/wirtschaft\/ehemaliger-vorsitzender-von-sp-ratings-glaubt-dass-die-usa-anfaelliger-sind-als-im-jahr-2011\/#breadcrumb\",\"itemListElement\":[{\"@type\":\"ListItem\",\"position\":1,\"name\":\"Home\",\"item\":\"https:\/\/themarketswatch.com\/de\/\"},{\"@type\":\"ListItem\",\"position\":2,\"name\":\"Ehemaliger Vorsitzender von S&amp;P Ratings glaubt, dass die USA anf\u00e4lliger sind als im Jahr 2011\"}]},{\"@type\":\"WebSite\",\"@id\":\"https:\/\/themarketswatch.com\/de\/#website\",\"url\":\"https:\/\/themarketswatch.com\/de\/\",\"name\":\"The Markets Watch\",\"description\":\"The financial news you need to succeed\",\"potentialAction\":[{\"@type\":\"SearchAction\",\"target\":{\"@type\":\"EntryPoint\",\"urlTemplate\":\"https:\/\/themarketswatch.com\/de\/?s={search_term_string}\"},\"query-input\":{\"@type\":\"PropertyValueSpecification\",\"valueRequired\":true,\"valueName\":\"search_term_string\"}}],\"inLanguage\":\"de\"},{\"@type\":\"Person\",\"@id\":\"https:\/\/themarketswatch.com\/de\/#\/schema\/person\/daab938bc27f018288acaea97536874a\",\"name\":\"Sarah Travers\",\"image\":{\"@type\":\"ImageObject\",\"inLanguage\":\"de\",\"@id\":\"https:\/\/themarketswatch.com\/de\/#\/schema\/person\/image\/\",\"url\":\"https:\/\/secure.gravatar.com\/avatar\/4717fe7014d043092a1b7cd044eb24c1fc80b6ccd139d5eb7cd4f8c70401a2da?s=96&d=mm&r=g\",\"contentUrl\":\"https:\/\/secure.gravatar.com\/avatar\/4717fe7014d043092a1b7cd044eb24c1fc80b6ccd139d5eb7cd4f8c70401a2da?s=96&d=mm&r=g\",\"caption\":\"Sarah Travers\"}}]}<\/script>\n<!-- \/ Yoast SEO plugin. -->","yoast_head_json":{"title":"Ehemaliger Vorsitzender von S&amp;P Ratings glaubt, dass die USA anf\u00e4lliger sind als im Jahr 2011","description":"Der ehemalige Leiter des S&amp;P Sovereign Rating Committee ist der Meinung, dass sich die USA in einer noch prek\u00e4reren Lage befinden als 2011, als die","robots":{"index":"index","follow":"follow","max-snippet":"max-snippet:-1","max-image-preview":"max-image-preview:large","max-video-preview":"max-video-preview:-1"},"canonical":"https:\/\/themarketswatch.com\/de\/wirtschaft\/ehemaliger-vorsitzender-von-sp-ratings-glaubt-dass-die-usa-anfaelliger-sind-als-im-jahr-2011\/","og_locale":"de_DE","og_type":"article","og_title":"Ehemaliger Vorsitzender von S&amp;P Ratings glaubt, dass die USA anf\u00e4lliger sind als im Jahr 2011","og_description":"Der ehemalige Leiter des S&amp;P Sovereign Rating Committee ist der Meinung, dass sich die USA in einer noch prek\u00e4reren Lage befinden als 2011, als die","og_url":"https:\/\/themarketswatch.com\/de\/wirtschaft\/ehemaliger-vorsitzender-von-sp-ratings-glaubt-dass-die-usa-anfaelliger-sind-als-im-jahr-2011\/","og_site_name":"The Markets Watch","article_published_time":"2023-09-28T17:14:02+00:00","article_modified_time":"2023-09-29T22:35:24+00:00","og_image":[{"width":1200,"height":800,"url":"https:\/\/themarketswatch.com\/wp-content\/uploads\/2023\/09\/former-sp-ratings-chairman-believes-the-u.s.-is-more-vulnerable-than-in-2011.jpg","type":"image\/jpeg"}],"author":"Sarah Travers","twitter_card":"summary_large_image","twitter_misc":{"Verfasst von":"Sarah Travers","Gesch\u00e4tzte Lesezeit":"3\u00a0Minuten"},"schema":{"@context":"https:\/\/schema.org","@graph":[{"@type":"WebPage","@id":"https:\/\/themarketswatch.com\/de\/wirtschaft\/ehemaliger-vorsitzender-von-sp-ratings-glaubt-dass-die-usa-anfaelliger-sind-als-im-jahr-2011\/","url":"https:\/\/themarketswatch.com\/de\/wirtschaft\/ehemaliger-vorsitzender-von-sp-ratings-glaubt-dass-die-usa-anfaelliger-sind-als-im-jahr-2011\/","name":"Ehemaliger Vorsitzender von S&amp;P Ratings glaubt, dass die USA anf\u00e4lliger sind als im Jahr 2011","isPartOf":{"@id":"https:\/\/themarketswatch.com\/de\/#website"},"primaryImageOfPage":{"@id":"https:\/\/themarketswatch.com\/de\/wirtschaft\/ehemaliger-vorsitzender-von-sp-ratings-glaubt-dass-die-usa-anfaelliger-sind-als-im-jahr-2011\/#primaryimage"},"image":{"@id":"https:\/\/themarketswatch.com\/de\/wirtschaft\/ehemaliger-vorsitzender-von-sp-ratings-glaubt-dass-die-usa-anfaelliger-sind-als-im-jahr-2011\/#primaryimage"},"thumbnailUrl":"https:\/\/themarketswatch.com\/wp-content\/uploads\/2023\/09\/former-sp-ratings-chairman-believes-the-u.s.-is-more-vulnerable-than-in-2011.jpg","datePublished":"2023-09-28T17:14:02+00:00","dateModified":"2023-09-29T22:35:24+00:00","author":{"@id":"https:\/\/themarketswatch.com\/de\/#\/schema\/person\/daab938bc27f018288acaea97536874a"},"description":"Der ehemalige Leiter des S&amp;P Sovereign Rating Committee ist der Meinung, dass sich die USA in einer noch prek\u00e4reren Lage befinden als 2011, als die","breadcrumb":{"@id":"https:\/\/themarketswatch.com\/de\/wirtschaft\/ehemaliger-vorsitzender-von-sp-ratings-glaubt-dass-die-usa-anfaelliger-sind-als-im-jahr-2011\/#breadcrumb"},"inLanguage":"de","potentialAction":[{"@type":"ReadAction","target":["https:\/\/themarketswatch.com\/de\/wirtschaft\/ehemaliger-vorsitzender-von-sp-ratings-glaubt-dass-die-usa-anfaelliger-sind-als-im-jahr-2011\/"]}]},{"@type":"ImageObject","inLanguage":"de","@id":"https:\/\/themarketswatch.com\/de\/wirtschaft\/ehemaliger-vorsitzender-von-sp-ratings-glaubt-dass-die-usa-anfaelliger-sind-als-im-jahr-2011\/#primaryimage","url":"https:\/\/themarketswatch.com\/wp-content\/uploads\/2023\/09\/former-sp-ratings-chairman-believes-the-u.s.-is-more-vulnerable-than-in-2011.jpg","contentUrl":"https:\/\/themarketswatch.com\/wp-content\/uploads\/2023\/09\/former-sp-ratings-chairman-believes-the-u.s.-is-more-vulnerable-than-in-2011.jpg","width":1200,"height":800,"caption":"Washington, DC - US - Nov 15, 2022: US House Republican Leader Kevin McCarthy (R-CA) speaks with reporters about the GOP conference's leadership elections. Credit: Cliff Owen - CNP"},{"@type":"BreadcrumbList","@id":"https:\/\/themarketswatch.com\/de\/wirtschaft\/ehemaliger-vorsitzender-von-sp-ratings-glaubt-dass-die-usa-anfaelliger-sind-als-im-jahr-2011\/#breadcrumb","itemListElement":[{"@type":"ListItem","position":1,"name":"Home","item":"https:\/\/themarketswatch.com\/de\/"},{"@type":"ListItem","position":2,"name":"Ehemaliger Vorsitzender von S&amp;P Ratings glaubt, dass die USA anf\u00e4lliger sind als im Jahr 2011"}]},{"@type":"WebSite","@id":"https:\/\/themarketswatch.com\/de\/#website","url":"https:\/\/themarketswatch.com\/de\/","name":"The Markets Watch","description":"The financial news you need to succeed","potentialAction":[{"@type":"SearchAction","target":{"@type":"EntryPoint","urlTemplate":"https:\/\/themarketswatch.com\/de\/?s={search_term_string}"},"query-input":{"@type":"PropertyValueSpecification","valueRequired":true,"valueName":"search_term_string"}}],"inLanguage":"de"},{"@type":"Person","@id":"https:\/\/themarketswatch.com\/de\/#\/schema\/person\/daab938bc27f018288acaea97536874a","name":"Sarah Travers","image":{"@type":"ImageObject","inLanguage":"de","@id":"https:\/\/themarketswatch.com\/de\/#\/schema\/person\/image\/","url":"https:\/\/secure.gravatar.com\/avatar\/4717fe7014d043092a1b7cd044eb24c1fc80b6ccd139d5eb7cd4f8c70401a2da?s=96&d=mm&r=g","contentUrl":"https:\/\/secure.gravatar.com\/avatar\/4717fe7014d043092a1b7cd044eb24c1fc80b6ccd139d5eb7cd4f8c70401a2da?s=96&d=mm&r=g","caption":"Sarah Travers"}}]}},"_links":{"self":[{"href":"https:\/\/themarketswatch.com\/de\/wp-json\/wp\/v2\/posts\/9437","targetHints":{"allow":["GET"]}}],"collection":[{"href":"https:\/\/themarketswatch.com\/de\/wp-json\/wp\/v2\/posts"}],"about":[{"href":"https:\/\/themarketswatch.com\/de\/wp-json\/wp\/v2\/types\/post"}],"author":[{"embeddable":true,"href":"https:\/\/themarketswatch.com\/de\/wp-json\/wp\/v2\/users\/2"}],"replies":[{"embeddable":true,"href":"https:\/\/themarketswatch.com\/de\/wp-json\/wp\/v2\/comments?post=9437"}],"version-history":[{"count":1,"href":"https:\/\/themarketswatch.com\/de\/wp-json\/wp\/v2\/posts\/9437\/revisions"}],"predecessor-version":[{"id":9438,"href":"https:\/\/themarketswatch.com\/de\/wp-json\/wp\/v2\/posts\/9437\/revisions\/9438"}],"wp:featuredmedia":[{"embeddable":true,"href":"https:\/\/themarketswatch.com\/de\/wp-json\/wp\/v2\/media\/9394"}],"wp:attachment":[{"href":"https:\/\/themarketswatch.com\/de\/wp-json\/wp\/v2\/media?parent=9437"}],"wp:term":[{"taxonomy":"category","embeddable":true,"href":"https:\/\/themarketswatch.com\/de\/wp-json\/wp\/v2\/categories?post=9437"},{"taxonomy":"post_tag","embeddable":true,"href":"https:\/\/themarketswatch.com\/de\/wp-json\/wp\/v2\/tags?post=9437"}],"curies":[{"name":"wp","href":"https:\/\/api.w.org\/{rel}","templated":true}]}}